{"id":1194,"date":"2015-08-19T08:29:47","date_gmt":"2015-08-19T06:29:47","guid":{"rendered":"http:\/\/amante-menden.de\/?p=1194"},"modified":"2015-08-19T08:35:08","modified_gmt":"2015-08-19T06:35:08","slug":"am-3-10-lebensmittel-und-futter-fuer-de-cent-und-tierhilfe-spenden","status":"publish","type":"post","link":"https:\/\/www.amante-menden.de\/?p=1194","title":{"rendered":"Am 3.10. Lebensmittel f\u00fcr De Cent und und Futter f\u00fcr die Mendener Tierhilfe spenden"},"content":{"rendered":"<div id=\"attachment_1193\" style=\"width: 235px\" class=\"wp-caption alignnone\"><a href=\"http:\/\/amante-menden.de\/wordpress\/wp-content\/uploads\/2015\/08\/IMG_43341-e1439965186137.jpg\"><img loading=\"lazy\" decoding=\"async\" aria-describedby=\"caption-attachment-1193\" class=\"size-medium wp-image-1193\" src=\"http:\/\/amante-menden.de\/wordpress\/wp-content\/uploads\/2015\/08\/IMG_43341-e1439965186137-225x300.jpg\" alt=\"Mit diesen Aufstellern bewirbt amante das Konzert am 3.10.\" width=\"225\" height=\"300\" srcset=\"https:\/\/www.amante-menden.de\/wordpress\/wp-content\/uploads\/2015\/08\/IMG_43341-e1439965186137-225x300.jpg 225w, https:\/\/www.amante-menden.de\/wordpress\/wp-content\/uploads\/2015\/08\/IMG_43341-e1439965186137-768x1024.jpg 768w, https:\/\/www.amante-menden.de\/wordpress\/wp-content\/uploads\/2015\/08\/IMG_43341-e1439965186137-900x1200.jpg 900w\" sizes=\"auto, (max-width: 225px) 100vw, 225px\" \/><\/a><p id=\"caption-attachment-1193\" class=\"wp-caption-text\">Mit diesen Aufstellern bewirbt amante das Konzert am 3.10.<\/p><\/div>\n<p><span style=\"font-family: Verdana;\">Wenn der <\/span><span style=\"font-family: Verdana;\">f\u00fcnffache Meisterchor \u201eamante della musica\u201c am Samstag, 3. Oktober, zum zweiten Mal sein Benefizkonzert veranstaltet, dann profitieren von der gro\u00dfen Publikums-Resonanz zwei Vereine bzw. Einrichtungen aus Menden ganz unmittelbar: der <a href=\"http:\/\/www.skm-menden.de\/SKM\/?Hilfe_und_Beratung:Allgemeine_soziale_Probleme:De-Cent_-_ein_sozialer_Warenkorb\" target=\"_blank\"><span style=\"font-family: Verdana;\">soziale Warenkorb \u201eDe Cent\u201c des SKM<\/span><\/a> und die <a href=\"http:\/\/www.tierhilfe-menden.de\/\" target=\"_blank\"><span style=\"font-family: Verdana;\">Mendener Tierhilfe<\/span><\/a>.<\/span><\/p>\n<p align=\"JUSTIFY\"><span style=\"font-family: Verdana;\">Sie bekommen nach \u201eMendener in Not\u201c, der Mendener B\u00fcrgerstiftung und der Chorstiftung NRW 2014 in diesem Jahr von jeder verkauften Eintrittskarte jeweils einen Euro als Spende \u00fcberwiesen.<\/span><\/p>\n<p align=\"JUSTIFY\"><span style=\"font-family: Verdana;\">Mit dem \u00dcberreichen des symbolischen Schecks schon am Konzertabend ist es f\u00fcr amante aber nicht getan: \u201eWir m\u00f6chten in Absprache mit dem SKM und mit der Tierhilfe alle Besucherinnen und Besucher au\u00dferdem herzlich einladen, am Tag der deutschen Einheit eine Lebensmittel- oder aber eine Futterspende mit zur Wilhelmsh\u00f6he zu bringen\u201c, betont Lars Becker.<\/span><\/p>\n<div id=\"attachment_1189\" style=\"width: 310px\" class=\"wp-caption alignnone\"><a href=\"http:\/\/amante-menden.de\/wordpress\/wp-content\/uploads\/2015\/08\/IMG_48221.jpg\"><img loading=\"lazy\" decoding=\"async\" aria-describedby=\"caption-attachment-1189\" class=\"size-medium wp-image-1189\" src=\"http:\/\/amante-menden.de\/wordpress\/wp-content\/uploads\/2015\/08\/IMG_48221-300x200.jpg\" alt=\"Lars Becker, 1. Vorsitzender von amante\" width=\"300\" height=\"200\" srcset=\"https:\/\/www.amante-menden.de\/wordpress\/wp-content\/uploads\/2015\/08\/IMG_48221-300x200.jpg 300w, https:\/\/www.amante-menden.de\/wordpress\/wp-content\/uploads\/2015\/08\/IMG_48221-1024x683.jpg 1024w, https:\/\/www.amante-menden.de\/wordpress\/wp-content\/uploads\/2015\/08\/IMG_48221-900x600.jpg 900w, https:\/\/www.amante-menden.de\/wordpress\/wp-content\/uploads\/2015\/08\/IMG_48221.jpg 1152w\" sizes=\"auto, (max-width: 300px) 100vw, 300px\" \/><\/a><p id=\"caption-attachment-1189\" class=\"wp-caption-text\">Lars Becker, 1. Vorsitzender von amante<\/p><\/div>\n<p align=\"JUSTIFY\"><span style=\"font-family: Verdana;\">Der Vorsitzende von amante della musica hatte Wilhelm Halekotte (stv. Gesch\u00e4ftsf\u00fchrer des SKM) und Kordula Passlack (Vorsitzende der Tierhilfe) stellvertretend f\u00fcr seinen Chor mit dieser Idee positiv \u00fcberrascht. <\/span><\/p>\n<p align=\"JUSTIFY\">\u201e<span style=\"font-family: Verdana;\">Wir freuen uns dar\u00fcber und nehmen diese Unterst\u00fctzung gerne an. Auch \u00fcber die kreative Idee, die Konzertbesucher zu Sachspenden zu motivieren, freuen wir uns, da im Laden stets Bedarf vor allem an haltbaren Lebensmitteln besteht\u201c, sagt Halekotte. Und Kordula Passlack erg\u00e4nzt f\u00fcr die Tierhilfe: \u201eNeben Finanzmitteln sind wir auch f\u00fcr jede Futterspende dankbar. Das h\u00f6rt sich super an!\u201c<\/span><\/p>\n<p align=\"JUSTIFY\"><span style=\"font-family: Verdana;\">2014 kamen alleine 3000 Euro als Spendensumme zusammen, weil amante den Erl\u00f6s aufgestockt hatte. \u201eUnd nat\u00fcrlich w\u00fcnschen wir uns sehr, dass auch in diesem Jahr die von uns ber\u00fccksichtigten Projekte stattliche Summen f\u00fcr ihre tolle Arbeit in so unterschiedlichen Bereichen bekommen\u201c, so Becker.<\/span><\/p>\n<p align=\"JUSTIFY\"><span style=\"font-family: Verdana;\">Neben den beiden heimischen Initiativen wird eine dritte mit je einem Euro pro Karte bedacht: das Kinder- und Jugendhospiz Balthasar in Olpe. \u201eDa wir unsere Arbeit zu 70 Prozent durch Spenden finanzieren m\u00fcssen, sind wir f\u00fcr jede Hilfe sehr dankbar\u201c, erkl\u00e4rte Nicole Binnewitt, die f\u00fcr das Hospiz die \u00d6ffentlichkeitsarbeit koordiniert.<\/span><\/p>\n<div id=\"attachment_1190\" style=\"width: 310px\" class=\"wp-caption alignnone\"><a href=\"http:\/\/amante-menden.de\/wordpress\/wp-content\/uploads\/2015\/08\/IMG_45721-e1439964946343.jpg\"><img loading=\"lazy\" decoding=\"async\" aria-describedby=\"caption-attachment-1190\" class=\"size-medium wp-image-1190\" src=\"http:\/\/amante-menden.de\/wordpress\/wp-content\/uploads\/2015\/08\/IMG_45721-e1439964946343-300x225.jpg\" alt=\"Die neuen lemon-farbenen Poloshirts pr\u00e4senierte amante erstmals bei Menden \u00e0 la carte 2015. Am 3. Oktober wechselt der Chor allerdings in die festliche schwarz-wei\u00dfe Kluft.\" width=\"300\" height=\"225\" \/><\/a><p id=\"caption-attachment-1190\" class=\"wp-caption-text\">Die neuen lemon-farbenen Poloshirts pr\u00e4senierte amante erstmals bei Menden \u00e0 la carte 2015. Am 3. Oktober wechselt der Chor allerdings in die festliche schwarz-wei\u00dfe Kluft.<\/p><\/div>\n<p align=\"JUSTIFY\"><span style=\"font-family: Verdana; font-size: medium;\">Vertreter aller drei Projekte werden am 3. Oktober pers\u00f6nlich beim Benefizkonzert dabei sein und ihre Arbeit vorstellen. <\/span><\/p>\n<p align=\"JUSTIFY\"><span style=\"font-family: Verdana; font-size: medium;\">Neben und mit amante steht ab 19 Uhr der Orchesterverein Hemer auf der B\u00fchne. Moderiert wird der Abend satirisch von Klemens Schulte-Vierk\u00f6tter \u2013 gespielt von Bodo Schulte und Stefan Neuhaus. Im Eintrittspreis enthalten ist ein Sektempfang im Foyer der Wilhelmsh\u00f6he, zu dem amante ab 18 Uhr einl\u00e4dt.<\/span><\/p>\n<p align=\"JUSTIFY\"><span style=\"font-family: Verdana, sans-serif;\"><span style=\"font-size: medium;\"><span style=\"font-family: Verdana;\">Karten sind f\u00fcr 18 Euro (erm\u00e4\u00dfigt 13 Euro) im Vorverkauf erh\u00e4ltlich in allen Kundencentern der Mendener Bank, in der Buchhandlung Daub, im B\u00fcrgerb\u00fcro der Stadt Menden im Neuen Rathaus, im Reiseb\u00fcro Timmermann sowie \u00fcber den Online-Ticketshop. \u00dcber die Vereinshomepage\u00a0<\/span><span style=\"font-family: Verdana;\">k\u00f6nnen dort Karten gekauft und direkt zuhause ausgedruckt werden.<\/span><\/span><\/span><\/p>\n","protected":false},"excerpt":{"rendered":"<p>Wenn der f\u00fcnffache Meisterchor \u201eamante della musica\u201c am Samstag, 3. Oktober, zum zweiten Mal sein Benefizkonzert veranstaltet, dann profitieren von der gro\u00dfen Publikums-Resonanz zwei Vereine bzw. Einrichtungen aus Menden ganz unmittelbar: der soziale Warenkorb \u201eDe Cent\u201c des SKM und die &hellip; <a href=\"https:\/\/www.amante-menden.de\/?p=1194\">Weiterlesen <span class=\"meta-nav\">&rarr;<\/span><\/a><\/p>\n","protected":false},"author":2,"featured_media":0,"comment_status":"closed","ping_status":"closed","sticky":false,"template":"","format":"standard","meta":{"footnotes":""},"categories":[5],"tags":[],"class_list":["post-1194","post","type-post","status-publish","format-standard","hentry","category-aktuelles"],"_links":{"self":[{"href":"https:\/\/www.amante-menden.de\/index.php?rest_route=\/wp\/v2\/posts\/1194","targetHints":{"allow":["GET"]}}],"collection":[{"href":"https:\/\/www.amante-menden.de\/index.php?rest_route=\/wp\/v2\/posts"}],"about":[{"href":"https:\/\/www.amante-menden.de\/index.php?rest_route=\/wp\/v2\/types\/post"}],"author":[{"embeddable":true,"href":"https:\/\/www.amante-menden.de\/index.php?rest_route=\/wp\/v2\/users\/2"}],"replies":[{"embeddable":true,"href":"https:\/\/www.amante-menden.de\/index.php?rest_route=%2Fwp%2Fv2%2Fcomments&post=1194"}],"version-history":[{"count":5,"href":"https:\/\/www.amante-menden.de\/index.php?rest_route=\/wp\/v2\/posts\/1194\/revisions"}],"predecessor-version":[{"id":1199,"href":"https:\/\/www.amante-menden.de\/index.php?rest_route=\/wp\/v2\/posts\/1194\/revisions\/1199"}],"wp:attachment":[{"href":"https:\/\/www.amante-menden.de\/index.php?rest_route=%2Fwp%2Fv2%2Fmedia&parent=1194"}],"wp:term":[{"taxonomy":"category","embeddable":true,"href":"https:\/\/www.amante-menden.de\/index.php?rest_route=%2Fwp%2Fv2%2Fcategories&post=1194"},{"taxonomy":"post_tag","embeddable":true,"href":"https:\/\/www.amante-menden.de\/index.php?rest_route=%2Fwp%2Fv2%2Ftags&post=1194"}],"curies":[{"name":"wp","href":"https:\/\/api.w.org\/{rel}","templated":true}]}}