{"id":1330,"date":"2015-11-02T15:01:34","date_gmt":"2015-11-02T13:01:34","guid":{"rendered":"http:\/\/www.amante-menden.de\/?p=1330"},"modified":"2015-11-02T15:05:41","modified_gmt":"2015-11-02T13:05:41","slug":"konzert-beim-liederkranz-netphen-wird-verschoben","status":"publish","type":"post","link":"https:\/\/www.amante-menden.de\/?p=1330","title":{"rendered":"Konzert beim Liederkranz Netphen wird verschoben"},"content":{"rendered":"<div id=\"attachment_408\" style=\"width: 410px\" class=\"wp-caption alignnone\"><a href=\"http:\/\/www.amante-menden.de\/wordpress\/wp-content\/uploads\/2015\/06\/5.jpg\"><img loading=\"lazy\" decoding=\"async\" aria-describedby=\"caption-attachment-408\" class=\"wp-image-408 size-full\" src=\"http:\/\/www.amante-menden.de\/wordpress\/wp-content\/uploads\/2015\/06\/5.jpg\" alt=\"5\" width=\"400\" height=\"267\" srcset=\"https:\/\/www.amante-menden.de\/wordpress\/wp-content\/uploads\/2015\/06\/5.jpg 400w, https:\/\/www.amante-menden.de\/wordpress\/wp-content\/uploads\/2015\/06\/5-300x200.jpg 300w\" sizes=\"auto, (max-width: 400px) 100vw, 400px\" \/><\/a><p id=\"caption-attachment-408\" class=\"wp-caption-text\">Der Liederkranz Netphen mit seinem Chorleiter Thomas Br\u00f6cher am Fl\u00fcgel. Foto: Frank Saul<\/p><\/div>\n<p>F\u00fcr Samstag, 21. November, hatte amante della musica menden einen Bus geordert, um schon nachmittag ins Siegerland aufzubrechen. Dort war f\u00fcr den Abend in der Georg-Heimann-Halle Netphen ein gemeinsames Konzert mit dem Liederkranz Netphen (Leitung Thomas Br\u00f6cher) geplant, an dem au\u00dferdem das <a href=\"http:\/\/www.voices-project.de\/index.php?id=thevoiceboys\">Ensemble &#8222;The Voice Boys&#8220;<\/a> teilnehmen sollte.<\/p>\n<p>Jetzt allerdings hat der Liederkranz Netphen, der am 3. Oktober 2014 in Menden zu Gast gewesen war, das Konzert aus chorinternen organisatorischen Gr\u00fcnden absagen m\u00fcssen. Die Durchf\u00fchrung ist nun f\u00fcr das Fr\u00fchjahr 2016 geplant, Ersatztermin k\u00f6nnte der 9. April werden (ebenfalls ein Samstag).<\/p>\n<p>&#8222;Wir w\u00e4re nat\u00fcrlich sehr gerne jetzt im November zu unseren Freunden nach Netphen gefahren. Aber wir respektieren voll und ganz die Entscheidung zur Terminverschiebung, die absolut nachvollziehbar ist. Stattdessen widmen wir uns jetzt schon intensiv der Erarbeitung und Wiederaufbereitung spannender Chorliteratur&#8220;, sagte der 1. Vorsitzende von amante, Lars Becker.<\/p>\n","protected":false},"excerpt":{"rendered":"<p>F\u00fcr Samstag, 21. November, hatte amante della musica menden einen Bus geordert, um schon nachmittag ins Siegerland aufzubrechen. Dort war f\u00fcr den Abend in der Georg-Heimann-Halle Netphen ein gemeinsames Konzert mit dem Liederkranz Netphen (Leitung Thomas Br\u00f6cher) geplant, an dem &hellip; <a href=\"https:\/\/www.amante-menden.de\/?p=1330\">Weiterlesen <span class=\"meta-nav\">&rarr;<\/span><\/a><\/p>\n","protected":false},"author":2,"featured_media":0,"comment_status":"closed","ping_status":"closed","sticky":false,"template":"","format":"standard","meta":{"footnotes":""},"categories":[5],"tags":[],"class_list":["post-1330","post","type-post","status-publish","format-standard","hentry","category-aktuelles"],"_links":{"self":[{"href":"https:\/\/www.amante-menden.de\/index.php?rest_route=\/wp\/v2\/posts\/1330","targetHints":{"allow":["GET"]}}],"collection":[{"href":"https:\/\/www.amante-menden.de\/index.php?rest_route=\/wp\/v2\/posts"}],"about":[{"href":"https:\/\/www.amante-menden.de\/index.php?rest_route=\/wp\/v2\/types\/post"}],"author":[{"embeddable":true,"href":"https:\/\/www.amante-menden.de\/index.php?rest_route=\/wp\/v2\/users\/2"}],"replies":[{"embeddable":true,"href":"https:\/\/www.amante-menden.de\/index.php?rest_route=%2Fwp%2Fv2%2Fcomments&post=1330"}],"version-history":[{"count":3,"href":"https:\/\/www.amante-menden.de\/index.php?rest_route=\/wp\/v2\/posts\/1330\/revisions"}],"predecessor-version":[{"id":1333,"href":"https:\/\/www.amante-menden.de\/index.php?rest_route=\/wp\/v2\/posts\/1330\/revisions\/1333"}],"wp:attachment":[{"href":"https:\/\/www.amante-menden.de\/index.php?rest_route=%2Fwp%2Fv2%2Fmedia&parent=1330"}],"wp:term":[{"taxonomy":"category","embeddable":true,"href":"https:\/\/www.amante-menden.de\/index.php?rest_route=%2Fwp%2Fv2%2Fcategories&post=1330"},{"taxonomy":"post_tag","embeddable":true,"href":"https:\/\/www.amante-menden.de\/index.php?rest_route=%2Fwp%2Fv2%2Ftags&post=1330"}],"curies":[{"name":"wp","href":"https:\/\/api.w.org\/{rel}","templated":true}]}}