{"id":2932,"date":"2016-06-03T10:37:43","date_gmt":"2016-06-03T08:37:43","guid":{"rendered":"http:\/\/www.amante-menden.de\/?p=2932"},"modified":"2016-06-03T10:56:17","modified_gmt":"2016-06-03T08:56:17","slug":"amante-stellt-details-fuer-3-10-2016-vor-live-musik-trifft-wieder-auf-kabarett","status":"publish","type":"post","link":"https:\/\/www.amante-menden.de\/?p=2932","title":{"rendered":"amante stellt Details f\u00fcr 3.10.2016 vor: Live-Musik trifft wieder auf Kabarett"},"content":{"rendered":"<div id=\"attachment_2891\" style=\"width: 650px\" class=\"wp-caption alignnone\"><a href=\"http:\/\/www.amante-menden.de\/wordpress\/wp-content\/uploads\/2016\/04\/netphen-10.jpg\"><img loading=\"lazy\" decoding=\"async\" aria-describedby=\"caption-attachment-2891\" class=\"wp-image-2891 size-large\" src=\"http:\/\/www.amante-menden.de\/wordpress\/wp-content\/uploads\/2016\/04\/netphen-10-1024x683.jpg\" alt=\"netphen 10\" width=\"640\" height=\"427\" srcset=\"https:\/\/www.amante-menden.de\/wordpress\/wp-content\/uploads\/2016\/04\/netphen-10-1024x683.jpg 1024w, https:\/\/www.amante-menden.de\/wordpress\/wp-content\/uploads\/2016\/04\/netphen-10-300x200.jpg 300w, https:\/\/www.amante-menden.de\/wordpress\/wp-content\/uploads\/2016\/04\/netphen-10-768x512.jpg 768w, https:\/\/www.amante-menden.de\/wordpress\/wp-content\/uploads\/2016\/04\/netphen-10.jpg 2048w\" sizes=\"auto, (max-width: 640px) 100vw, 640px\" \/><\/a><p id=\"caption-attachment-2891\" class=\"wp-caption-text\">Dirigent Stefan Risse und amante freuen sich auf dritte Auflage des Benefizkonzertes zum Tag der deutschen Einheit.<\/p><\/div>\n<p><span style=\"color: #000000;\">Menden. Die Mitwirkenden stehen fest. Und auch jene drei Vereine bzw. Institutionen, die in den Genuss einer mutma\u00dflich vierstelligen Spende kommen werden: F\u00fcr die dritte Auflage seines Benefizkonzertes am Tag der deutschen Einheit auf der Wilhelmsh\u00f6he hat der f\u00fcnffache Meisterchor amante della musica menden jetzt die Fakten pr\u00e4sentiert.<\/span><\/p>\n<p><span style=\"color: #000000;\">\u201eWir freuen uns sehr, dass wir am 3. Oktober neben Chorgesang wieder Live-Musik und Kabarett bieten k\u00f6nnen\u201c, war es f\u00fcr den Vorsitzenden Lars Becker und Chorleiter Stefan Risse nach der gro\u00dfartigen Resonanz aus dem Vorjahr folgerichtig, an der bew\u00e4hrten \u201eZutatenliste\u201c f\u00fcr einen kurzweiligen Abend festzuhalten.<\/span><\/p>\n<p><strong>Bitter-Trio steht f\u00fcr Qualit\u00e4t und Kreativit\u00e4t<\/strong><\/p>\n<p><span style=\"color: #000000;\">Die Instrumental-Musik \u2013 sowohl als Solo-Act als auch als Begleitung von amante \u2013 kommt vom \u201eBitter-Trio\u201c, das in der Besetzung Wolfgang Bitter (Piano), Christian Becker (Bass) und Johannes Pieper (Drums) f\u00fcr Qualit\u00e4t und Kreativit\u00e4t steht. <\/span><\/p>\n<p><strong>Kabarettistin Kathrin Heinrichs moderiert<\/strong><\/p>\n<p><span style=\"color: #000000;\"><span style=\"font-family: Liberation Serif,serif;\"><span style=\"font-size: medium;\">Moderiert wird das Konzert von der Mendener Autorin und Kabarettistin Kathrin Heinrichs. Die Verfasserin der bekannten Sauerlandkrimi-Reihe wird jedoch nicht ganz allein durchs Programm f\u00fchren: Mit im Gep\u00e4ck hat sie ihr anderes Ich \u201eHelga Hammer-Gescheidt\u201c, ihres Zeichens Vorsitzende der ersten Selbsthilfegruppe f\u00fcr Lehrerfrauen in Deutschland. Beste Unterhaltung ist zwischen den musikalischen H\u00f6hepunkten garantiert.<\/span><\/span><\/span><\/p>\n<p><span style=\"color: #000000;\"><span style=\"font-family: Liberation Serif,serif;\"><span style=\"font-size: medium;\">Wie schon bei der Premiere 2014 und der Neuauflage 2015 wird amante della musica auch in diesem Jahr wieder drei Vereine bzw. Institutionen <\/span><\/span><span style=\"font-family: Liberation Serif,serif;\"><span style=\"font-size: medium;\">finanziell <\/span><\/span><span style=\"font-family: Liberation Serif,serif;\"><span style=\"font-size: medium;\">unterst\u00fctzen. Das sind <\/span><\/span><span style=\"font-family: Liberation Serif,serif;\"><span style=\"font-size: medium;\">2016 <\/span><\/span><span style=\"font-family: Liberation Serif,serif;\"><span style=\"font-size: medium;\">der <\/span><\/span><span style=\"font-family: Liberation Serif,serif;\"><span style=\"font-size: medium;\">Betreiberverein des B\u00fcrgerbades Leitmecke, die Bieberschl\u00fcmpfe sowie der Fr\u00f6ndenberger Polizist Theo Beiske. Er engagiert sich f\u00fcr die Isabell-Zachert-Stiftung, eine private Treuhandstiftung unter dem Dach der Deutschen Kinderkrebsstiftung.<\/span><\/span><\/span><\/p>\n<p><span style=\"color: #000000;\">\u201e<span style=\"font-family: Liberation Serif,serif;\"><span style=\"font-size: medium;\">Wir konnten aus dem Erl\u00f6s unserer Konzertreihe bislang in zwei Jahren schon 6000 Euro an Spendengeldern an sechs Vereine und Stiftungen \u00fcberweisen, die sich f\u00fcr andere Menschen einsetzen. Diesen Weg setzen wir fort und werden auch diesmal weit mehr als einen Euro pro Eintrittskarte abgeben\u201c, so Lars Becker.<\/span><\/span><\/span><\/p>\n<p><strong>Erstmals nummerierte Sitzpl\u00e4tze<\/strong><\/p>\n<p><span style=\"color: #000000;\"><span style=\"font-family: Liberation Serif,serif;\"><span style=\"font-size: medium;\">Wichtige Neuerung: Erstmals gibt es bei einem amante-Konzert auf der Wilhelmsh\u00f6he nummerierte Sitzpl\u00e4tze. \u201eEs war der ausdr\u00fcckliche Wunsch vieler Besucher, damit sie zum einen nicht mehr sehr zeitig kommen m\u00fcssen und zum anderen den Sektempfang, der wieder im Eintrittspreis enthalten sein wird, in Ruhe genie\u00dfen k\u00f6nnen. Dieser Bitte kommen wir gerne nach\u201c, betont Becker.<\/span><\/span><\/span><\/p>\n<p><span style=\"color: #000000;\"><span style=\"font-family: Liberation Serif,serif;\"><span style=\"font-size: medium;\">Das Benefizkonzert beginnt am Montag, 3. Oktober 2016, um 17 Uhr. Einlass ist ab 16 Uhr. Die Eintrittspreise bleiben unver\u00e4ndert: Karten kosten im Vorverkauf inklusive Sektempfang im Spiegelsaal 18 Euro, f\u00fcnf Euro Erm\u00e4\u00dfigung gibt es f\u00fcr Kinder und Jugendliche bis 14 Jahren und Schwerbehinderte. <\/span><\/span><\/span><\/p>\n<p><strong>Vorverkauf startet am 11. Juni<\/strong><\/p>\n<p><span style=\"color: #000000;\"><span style=\"font-family: Liberation Serif,serif;\"><span style=\"font-size: medium;\">Der Vorverkauf beginnt am Samstag, 11. Juni, von 11 bis 12 Uhr vor dem Alten Rathaus in Menden. Dann er\u00f6ffnet amante dort die Kulturb\u00fcro-Reihe \u201eImmer wieder samstags\u201c, wenn sich zugleich auf die ehrenamtlichen Inklusionsbeauftragten im Herzen der Stadt vorstellen. Der heimische Meisterchor umrahmt diese Veranstaltung, ehe anschlie\u00dfend die letzten Aufnahmen f\u00fcr die dritte CD auf dem Programm stehen. Diese wird am 3. Oktober beim Benefizkonzert der \u00d6ffentlichkeit pr\u00e4sentiert.<\/span><\/span><\/span><\/p>\n<p><a href=\"http:\/\/www.amante-menden.de\/?page_id=1352\">Hier gibt es alle Infos zur Konzertreihe am 3. Oktober<\/a><\/p>\n","protected":false},"excerpt":{"rendered":"<p>Menden. Die Mitwirkenden stehen fest. Und auch jene drei Vereine bzw. Institutionen, die in den Genuss einer mutma\u00dflich vierstelligen Spende kommen werden: F\u00fcr die dritte Auflage seines Benefizkonzertes am Tag der deutschen Einheit auf der Wilhelmsh\u00f6he hat der f\u00fcnffache Meisterchor &hellip; <a href=\"https:\/\/www.amante-menden.de\/?p=2932\">Weiterlesen <span class=\"meta-nav\">&rarr;<\/span><\/a><\/p>\n","protected":false},"author":2,"featured_media":0,"comment_status":"closed","ping_status":"closed","sticky":false,"template":"","format":"standard","meta":{"footnotes":""},"categories":[5],"tags":[],"class_list":["post-2932","post","type-post","status-publish","format-standard","hentry","category-aktuelles"],"_links":{"self":[{"href":"https:\/\/www.amante-menden.de\/index.php?rest_route=\/wp\/v2\/posts\/2932","targetHints":{"allow":["GET"]}}],"collection":[{"href":"https:\/\/www.amante-menden.de\/index.php?rest_route=\/wp\/v2\/posts"}],"about":[{"href":"https:\/\/www.amante-menden.de\/index.php?rest_route=\/wp\/v2\/types\/post"}],"author":[{"embeddable":true,"href":"https:\/\/www.amante-menden.de\/index.php?rest_route=\/wp\/v2\/users\/2"}],"replies":[{"embeddable":true,"href":"https:\/\/www.amante-menden.de\/index.php?rest_route=%2Fwp%2Fv2%2Fcomments&post=2932"}],"version-history":[{"count":2,"href":"https:\/\/www.amante-menden.de\/index.php?rest_route=\/wp\/v2\/posts\/2932\/revisions"}],"predecessor-version":[{"id":2936,"href":"https:\/\/www.amante-menden.de\/index.php?rest_route=\/wp\/v2\/posts\/2932\/revisions\/2936"}],"wp:attachment":[{"href":"https:\/\/www.amante-menden.de\/index.php?rest_route=%2Fwp%2Fv2%2Fmedia&parent=2932"}],"wp:term":[{"taxonomy":"category","embeddable":true,"href":"https:\/\/www.amante-menden.de\/index.php?rest_route=%2Fwp%2Fv2%2Fcategories&post=2932"},{"taxonomy":"post_tag","embeddable":true,"href":"https:\/\/www.amante-menden.de\/index.php?rest_route=%2Fwp%2Fv2%2Ftags&post=2932"}],"curies":[{"name":"wp","href":"https:\/\/api.w.org\/{rel}","templated":true}]}}