{"id":3017,"date":"2016-07-15T12:33:54","date_gmt":"2016-07-15T10:33:54","guid":{"rendered":"http:\/\/www.amante-menden.de\/?p=3017"},"modified":"2016-08-09T10:57:21","modified_gmt":"2016-08-09T08:57:21","slug":"sommerferienprogramm-2016-startet-mit-einem-stadtrundgang","status":"publish","type":"post","link":"https:\/\/www.amante-menden.de\/?p=3017","title":{"rendered":"Sommerferienprogramm 2016 startet mit einem Stadtrundgang"},"content":{"rendered":"<p><a href=\"http:\/\/www.amante-menden.de\/wordpress\/wp-content\/uploads\/2016\/07\/IMAG0540.jpg\"><img loading=\"lazy\" decoding=\"async\" class=\"alignnone size-large wp-image-3018\" src=\"http:\/\/www.amante-menden.de\/wordpress\/wp-content\/uploads\/2016\/07\/IMAG0540-1024x579.jpg\" alt=\"IMAG0540\" width=\"640\" height=\"362\" srcset=\"https:\/\/www.amante-menden.de\/wordpress\/wp-content\/uploads\/2016\/07\/IMAG0540-1024x579.jpg 1024w, https:\/\/www.amante-menden.de\/wordpress\/wp-content\/uploads\/2016\/07\/IMAG0540-300x170.jpg 300w, https:\/\/www.amante-menden.de\/wordpress\/wp-content\/uploads\/2016\/07\/IMAG0540-768x434.jpg 768w\" sizes=\"auto, (max-width: 640px) 100vw, 640px\" \/><\/a><\/p>\n<p>Der erste Programmpunkt des \u00a0Sommerferienprogramms 2016 war die Stadtbesichtigung mit Jutta T\u00f6rnig-Struck. Die Museumsleiterin zeigte Mendenern und unseren Mitgliedern aus vielen anderen St\u00e4dten, wie die Mendener Innenstadt zu der wurde, die sie heute ist.<\/p>\n<p>Vom Alten Rathaus ging es \u00fcber den Kirchplatz zum Schmarotzerhaus und zur\u00fcck ins Museum. Die knapp zweist\u00fcndigen F\u00fchrung war sehr spannend &#8211; und auch f\u00fcr die &#8222;Poalb\u00fcrger&#8220; war viel neues dabei!<\/p>\n","protected":false},"excerpt":{"rendered":"<p>Der erste Programmpunkt des \u00a0Sommerferienprogramms 2016 war die Stadtbesichtigung mit Jutta T\u00f6rnig-Struck. Die Museumsleiterin zeigte Mendenern und unseren Mitgliedern aus vielen anderen St\u00e4dten, wie die Mendener Innenstadt zu der wurde, die sie heute ist. Vom Alten Rathaus ging es \u00fcber &hellip; <a href=\"https:\/\/www.amante-menden.de\/?p=3017\">Weiterlesen <span class=\"meta-nav\">&rarr;<\/span><\/a><\/p>\n","protected":false},"author":1,"featured_media":0,"comment_status":"closed","ping_status":"closed","sticky":false,"template":"","format":"standard","meta":{"footnotes":""},"categories":[5],"tags":[],"class_list":["post-3017","post","type-post","status-publish","format-standard","hentry","category-aktuelles"],"_links":{"self":[{"href":"https:\/\/www.amante-menden.de\/index.php?rest_route=\/wp\/v2\/posts\/3017","targetHints":{"allow":["GET"]}}],"collection":[{"href":"https:\/\/www.amante-menden.de\/index.php?rest_route=\/wp\/v2\/posts"}],"about":[{"href":"https:\/\/www.amante-menden.de\/index.php?rest_route=\/wp\/v2\/types\/post"}],"author":[{"embeddable":true,"href":"https:\/\/www.amante-menden.de\/index.php?rest_route=\/wp\/v2\/users\/1"}],"replies":[{"embeddable":true,"href":"https:\/\/www.amante-menden.de\/index.php?rest_route=%2Fwp%2Fv2%2Fcomments&post=3017"}],"version-history":[{"count":2,"href":"https:\/\/www.amante-menden.de\/index.php?rest_route=\/wp\/v2\/posts\/3017\/revisions"}],"predecessor-version":[{"id":3033,"href":"https:\/\/www.amante-menden.de\/index.php?rest_route=\/wp\/v2\/posts\/3017\/revisions\/3033"}],"wp:attachment":[{"href":"https:\/\/www.amante-menden.de\/index.php?rest_route=%2Fwp%2Fv2%2Fmedia&parent=3017"}],"wp:term":[{"taxonomy":"category","embeddable":true,"href":"https:\/\/www.amante-menden.de\/index.php?rest_route=%2Fwp%2Fv2%2Fcategories&post=3017"},{"taxonomy":"post_tag","embeddable":true,"href":"https:\/\/www.amante-menden.de\/index.php?rest_route=%2Fwp%2Fv2%2Ftags&post=3017"}],"curies":[{"name":"wp","href":"https:\/\/api.w.org\/{rel}","templated":true}]}}