{"id":3027,"date":"2016-08-09T11:01:01","date_gmt":"2016-08-09T09:01:01","guid":{"rendered":"http:\/\/www.amante-menden.de\/?p=3027"},"modified":"2016-08-09T11:01:01","modified_gmt":"2016-08-09T09:01:01","slug":"vielfalt-pur-beim-amante-sommerferienprogramm","status":"publish","type":"post","link":"https:\/\/www.amante-menden.de\/?p=3027","title":{"rendered":"Vielfalt pur beim amante-Sommerferienprogramm"},"content":{"rendered":"<div id=\"attachment_3031\" style=\"width: 650px\" class=\"wp-caption alignnone\"><a href=\"http:\/\/www.amante-menden.de\/wordpress\/wp-content\/uploads\/2016\/08\/20160804_213151.jpg\"><img loading=\"lazy\" decoding=\"async\" aria-describedby=\"caption-attachment-3031\" class=\"wp-image-3031 size-large\" src=\"http:\/\/www.amante-menden.de\/wordpress\/wp-content\/uploads\/2016\/08\/20160804_213151-1024x576.jpg\" alt=\"20160804_213151\" width=\"640\" height=\"360\" srcset=\"https:\/\/www.amante-menden.de\/wordpress\/wp-content\/uploads\/2016\/08\/20160804_213151-1024x576.jpg 1024w, https:\/\/www.amante-menden.de\/wordpress\/wp-content\/uploads\/2016\/08\/20160804_213151-300x169.jpg 300w, https:\/\/www.amante-menden.de\/wordpress\/wp-content\/uploads\/2016\/08\/20160804_213151-768x432.jpg 768w\" sizes=\"auto, (max-width: 640px) 100vw, 640px\" \/><\/a><p id=\"caption-attachment-3031\" class=\"wp-caption-text\">&#8222;Fools Garden&#8220; bei &#8222;Genuss pur&#8220; in Iserlohn.<\/p><\/div>\n<p>Alle Jahre wieder: Wenn der normale Probealltag angesichts der Sommerferien ruht, dann treffen sich immer donnerstags trotzdem ganz viele S\u00e4ngerinnen und S\u00e4nger von amante della musica menden zu verschiedenen Anl\u00e4ssen des Sommerferienprogrammes.<\/p>\n<div id=\"attachment_3030\" style=\"width: 310px\" class=\"wp-caption alignnone\"><a href=\"http:\/\/www.amante-menden.de\/wordpress\/wp-content\/uploads\/2016\/08\/20160714_182820.jpg\"><img loading=\"lazy\" decoding=\"async\" aria-describedby=\"caption-attachment-3030\" class=\"wp-image-3030 size-medium\" src=\"http:\/\/www.amante-menden.de\/wordpress\/wp-content\/uploads\/2016\/08\/20160714_182820-300x169.jpg\" alt=\"20160714_182820\" width=\"300\" height=\"169\" srcset=\"https:\/\/www.amante-menden.de\/wordpress\/wp-content\/uploads\/2016\/08\/20160714_182820-300x169.jpg 300w, https:\/\/www.amante-menden.de\/wordpress\/wp-content\/uploads\/2016\/08\/20160714_182820-768x432.jpg 768w, https:\/\/www.amante-menden.de\/wordpress\/wp-content\/uploads\/2016\/08\/20160714_182820-1024x576.jpg 1024w\" sizes=\"auto, (max-width: 300px) 100vw, 300px\" \/><\/a><p id=\"caption-attachment-3030\" class=\"wp-caption-text\">Museumsleiterin Jutta T\u00f6rnig-Struck zeigte amante die Innenstadt aus einem historischen Blickwinkel.<\/p><\/div>\n<p><a href=\"http:\/\/www.amante-menden.de\/?p=3017\">Mit Mendens Museumsleiterin Jutta T\u00f6rnig-Struck gab es eine Stadtf\u00fchrung durch die historische Innenstadt<\/a>, bei &#8222;Genuss pur&#8220; in Iserlohn spielte die Band &#8222;Fools Garden&#8220; (bekannt durch ihren<span class=\"text_exposed_show\"> &#8222;Lemon Tree&#8220;) auf. Gesellig war&#8217;s beispielsweise beim Minigolfen am Haus Adria in Kalthof.<\/span><\/p>\n<div class=\"text_exposed_show\">\n<p>Weitere Anlaufpunkte sind noch der Klettergarten im Wildwald Vo\u00dfwinkel sowie das B\u00fcrgerbad Leitmecke, dessen F\u00f6rderverein aus dem Erl\u00f6s des Benefizkonzertes am 3.10. bedacht wird.<\/p>\n<p>Au\u00dferdem steht vor dem Probewochenende im Liborianum in Paderborn noch die Tagesfahrt zu den Karl-May-Festspielen in Elspe auf dem Terminkalender von amante.<\/p>\n<\/div>\n","protected":false},"excerpt":{"rendered":"<p>Alle Jahre wieder: Wenn der normale Probealltag angesichts der Sommerferien ruht, dann treffen sich immer donnerstags trotzdem ganz viele S\u00e4ngerinnen und S\u00e4nger von amante della musica menden zu verschiedenen Anl\u00e4ssen des Sommerferienprogrammes. Mit Mendens Museumsleiterin Jutta T\u00f6rnig-Struck gab es eine &hellip; <a href=\"https:\/\/www.amante-menden.de\/?p=3027\">Weiterlesen <span class=\"meta-nav\">&rarr;<\/span><\/a><\/p>\n","protected":false},"author":2,"featured_media":0,"comment_status":"closed","ping_status":"closed","sticky":false,"template":"","format":"standard","meta":{"footnotes":""},"categories":[5],"tags":[],"class_list":["post-3027","post","type-post","status-publish","format-standard","hentry","category-aktuelles"],"_links":{"self":[{"href":"https:\/\/www.amante-menden.de\/index.php?rest_route=\/wp\/v2\/posts\/3027","targetHints":{"allow":["GET"]}}],"collection":[{"href":"https:\/\/www.amante-menden.de\/index.php?rest_route=\/wp\/v2\/posts"}],"about":[{"href":"https:\/\/www.amante-menden.de\/index.php?rest_route=\/wp\/v2\/types\/post"}],"author":[{"embeddable":true,"href":"https:\/\/www.amante-menden.de\/index.php?rest_route=\/wp\/v2\/users\/2"}],"replies":[{"embeddable":true,"href":"https:\/\/www.amante-menden.de\/index.php?rest_route=%2Fwp%2Fv2%2Fcomments&post=3027"}],"version-history":[{"count":1,"href":"https:\/\/www.amante-menden.de\/index.php?rest_route=\/wp\/v2\/posts\/3027\/revisions"}],"predecessor-version":[{"id":3034,"href":"https:\/\/www.amante-menden.de\/index.php?rest_route=\/wp\/v2\/posts\/3027\/revisions\/3034"}],"wp:attachment":[{"href":"https:\/\/www.amante-menden.de\/index.php?rest_route=%2Fwp%2Fv2%2Fmedia&parent=3027"}],"wp:term":[{"taxonomy":"category","embeddable":true,"href":"https:\/\/www.amante-menden.de\/index.php?rest_route=%2Fwp%2Fv2%2Fcategories&post=3027"},{"taxonomy":"post_tag","embeddable":true,"href":"https:\/\/www.amante-menden.de\/index.php?rest_route=%2Fwp%2Fv2%2Ftags&post=3027"}],"curies":[{"name":"wp","href":"https:\/\/api.w.org\/{rel}","templated":true}]}}