{"id":3039,"date":"2016-08-18T08:41:40","date_gmt":"2016-08-18T06:41:40","guid":{"rendered":"http:\/\/www.amante-menden.de\/?p=3039"},"modified":"2016-08-19T12:15:09","modified_gmt":"2016-08-19T10:15:09","slug":"im-stroemenden-regen-in-den-wipfeln-der-baeume-unterwegs","status":"publish","type":"post","link":"https:\/\/www.amante-menden.de\/?p=3039","title":{"rendered":"Im str\u00f6menden Regen in den Wipfeln der B\u00e4ume unterwegs"},"content":{"rendered":"<p style=\"text-align: justify;\"><a href=\"http:\/\/www.amante-menden.de\/wordpress\/wp-content\/uploads\/2016\/08\/IMG_9486.jpg\"><img loading=\"lazy\" decoding=\"async\" class=\"alignnone wp-image-3042 size-large\" src=\"http:\/\/www.amante-menden.de\/wordpress\/wp-content\/uploads\/2016\/08\/IMG_9486-1024x768.jpg\" alt=\"IMG_9486\" width=\"640\" height=\"480\" srcset=\"https:\/\/www.amante-menden.de\/wordpress\/wp-content\/uploads\/2016\/08\/IMG_9486-1024x768.jpg 1024w, https:\/\/www.amante-menden.de\/wordpress\/wp-content\/uploads\/2016\/08\/IMG_9486-300x225.jpg 300w, https:\/\/www.amante-menden.de\/wordpress\/wp-content\/uploads\/2016\/08\/IMG_9486-768x576.jpg 768w\" sizes=\"auto, (max-width: 640px) 100vw, 640px\" \/><\/a><\/p>\n<p style=\"text-align: justify;\">Im Rahmen des Sommerferienprogramms 2016 waren mehr als 20 S\u00e4ngerinnen und S\u00e4nger zuletzt zu Gast im Natur-Klettergarten des Wildwaldes Vo\u00dfwinkel.<\/p>\n<p style=\"text-align: justify;\"><a href=\"http:\/\/www.amante-menden.de\/wordpress\/wp-content\/uploads\/2016\/08\/IMAG0597.jpg\"><img loading=\"lazy\" decoding=\"async\" class=\"size-medium wp-image-3044 alignright\" src=\"http:\/\/www.amante-menden.de\/wordpress\/wp-content\/uploads\/2016\/08\/IMAG0597-300x170.jpg\" alt=\"IMAG0597\" width=\"300\" height=\"170\" srcset=\"https:\/\/www.amante-menden.de\/wordpress\/wp-content\/uploads\/2016\/08\/IMAG0597-300x170.jpg 300w, https:\/\/www.amante-menden.de\/wordpress\/wp-content\/uploads\/2016\/08\/IMAG0597-768x434.jpg 768w, https:\/\/www.amante-menden.de\/wordpress\/wp-content\/uploads\/2016\/08\/IMAG0597-1024x579.jpg 1024w\" sizes=\"auto, (max-width: 300px) 100vw, 300px\" \/><\/a>Trotz str\u00f6menden Regens und entsprechend rutschiger Herausforderungen in luftiger H\u00f6he bis zu 15 Metern \u00fcber dem Borden suchten die Sopr\u00e4ne, Altistinnen, Ten\u00f6re und B\u00e4sse dreieinhalb Stunden lang das Abenteuer, das absolut erschwinglich und unglaublich spannend war.<\/p>\n<p style=\"text-align: justify;\">Nach der Ausstattung mit Gurtgeschirr und Helm gab es zun\u00e4chst eine Einf\u00fchrung in die richtige Kletterpraxis. Den ersten und einfachsten Parcours absolvierten alle Teilnehmer, die immer in 2er Gruppen agierten, unter fachm\u00e4nnischer Aufsicht der Kletter-Guides Andrea und Ingo.<\/p>\n<p style=\"text-align: justify;\"><a href=\"http:\/\/www.amante-menden.de\/wordpress\/wp-content\/uploads\/2016\/08\/13912324_1118422954862731_60328947605074128_n.jpg\"><img loading=\"lazy\" decoding=\"async\" class=\"size-medium wp-image-3041 alignleft\" src=\"http:\/\/www.amante-menden.de\/wordpress\/wp-content\/uploads\/2016\/08\/13912324_1118422954862731_60328947605074128_n-300x169.jpg\" alt=\"13912324_1118422954862731_60328947605074128_n\" width=\"300\" height=\"169\" srcset=\"https:\/\/www.amante-menden.de\/wordpress\/wp-content\/uploads\/2016\/08\/13912324_1118422954862731_60328947605074128_n-300x169.jpg 300w, https:\/\/www.amante-menden.de\/wordpress\/wp-content\/uploads\/2016\/08\/13912324_1118422954862731_60328947605074128_n-768x432.jpg 768w, https:\/\/www.amante-menden.de\/wordpress\/wp-content\/uploads\/2016\/08\/13912324_1118422954862731_60328947605074128_n.jpg 960w\" sizes=\"auto, (max-width: 300px) 100vw, 300px\" \/><\/a><\/p>\n<p style=\"text-align: justify;\">Die Herausforderung bestand aus 77 Kletterelementen in sieben verschieden schwierigen Parcours: Seilbahnen, Spr\u00fcnge und Balance-Hindernisse galt es zu meistern. Fast alle Teams schafften drei der Parcours, eines sogar deren vier.<\/p>\n<p style=\"text-align: justify;\"><a href=\"http:\/\/www.amante-menden.de\/wordpress\/wp-content\/uploads\/2016\/08\/13876109_1118422921529401_5812467705981362564_n.jpg\"><img loading=\"lazy\" decoding=\"async\" class=\"size-medium wp-image-3040 alignright\" src=\"http:\/\/www.amante-menden.de\/wordpress\/wp-content\/uploads\/2016\/08\/13876109_1118422921529401_5812467705981362564_n-300x169.jpg\" alt=\"13876109_1118422921529401_5812467705981362564_n\" width=\"300\" height=\"169\" srcset=\"https:\/\/www.amante-menden.de\/wordpress\/wp-content\/uploads\/2016\/08\/13876109_1118422921529401_5812467705981362564_n-300x169.jpg 300w, https:\/\/www.amante-menden.de\/wordpress\/wp-content\/uploads\/2016\/08\/13876109_1118422921529401_5812467705981362564_n-768x432.jpg 768w, https:\/\/www.amante-menden.de\/wordpress\/wp-content\/uploads\/2016\/08\/13876109_1118422921529401_5812467705981362564_n.jpg 960w\" sizes=\"auto, (max-width: 300px) 100vw, 300px\" \/><\/a><\/p>\n<p style=\"text-align: justify;\">Wegen Dunkelheit musste der Spa\u00df um 21.30 Uhr leider mit der &#8222;Bergung&#8220; der letzten Kletterer via Flaschenzug mit Stirnlampen aus luftiger H\u00f6he enden. Alle waren klatschnass, aber auch stolz auf sich.<\/p>\n<p style=\"text-align: justify;\">Fazit: Das war ein k\u00f6rperlich anstrengendes Event, das h\u00f6chste Konzentration von allen forderte, aber ungemein Spa\u00df gemacht hat.<\/p>\n<p style=\"text-align: justify;\">Mehr Infos hier: <a href=\"http:\/\/www.klettergarten-wildwald.de\">www.klettergarten-wildwald.de<\/a><\/p>\n","protected":false},"excerpt":{"rendered":"<p>Im Rahmen des Sommerferienprogramms 2016 waren mehr als 20 S\u00e4ngerinnen und S\u00e4nger zuletzt zu Gast im Natur-Klettergarten des Wildwaldes Vo\u00dfwinkel. Trotz str\u00f6menden Regens und entsprechend rutschiger Herausforderungen in luftiger H\u00f6he bis zu 15 Metern \u00fcber dem Borden suchten die Sopr\u00e4ne, &hellip; <a href=\"https:\/\/www.amante-menden.de\/?p=3039\">Weiterlesen <span class=\"meta-nav\">&rarr;<\/span><\/a><\/p>\n","protected":false},"author":2,"featured_media":0,"comment_status":"closed","ping_status":"closed","sticky":false,"template":"","format":"standard","meta":{"footnotes":""},"categories":[5],"tags":[],"class_list":["post-3039","post","type-post","status-publish","format-standard","hentry","category-aktuelles"],"_links":{"self":[{"href":"https:\/\/www.amante-menden.de\/index.php?rest_route=\/wp\/v2\/posts\/3039","targetHints":{"allow":["GET"]}}],"collection":[{"href":"https:\/\/www.amante-menden.de\/index.php?rest_route=\/wp\/v2\/posts"}],"about":[{"href":"https:\/\/www.amante-menden.de\/index.php?rest_route=\/wp\/v2\/types\/post"}],"author":[{"embeddable":true,"href":"https:\/\/www.amante-menden.de\/index.php?rest_route=\/wp\/v2\/users\/2"}],"replies":[{"embeddable":true,"href":"https:\/\/www.amante-menden.de\/index.php?rest_route=%2Fwp%2Fv2%2Fcomments&post=3039"}],"version-history":[{"count":3,"href":"https:\/\/www.amante-menden.de\/index.php?rest_route=\/wp\/v2\/posts\/3039\/revisions"}],"predecessor-version":[{"id":3046,"href":"https:\/\/www.amante-menden.de\/index.php?rest_route=\/wp\/v2\/posts\/3039\/revisions\/3046"}],"wp:attachment":[{"href":"https:\/\/www.amante-menden.de\/index.php?rest_route=%2Fwp%2Fv2%2Fmedia&parent=3039"}],"wp:term":[{"taxonomy":"category","embeddable":true,"href":"https:\/\/www.amante-menden.de\/index.php?rest_route=%2Fwp%2Fv2%2Fcategories&post=3039"},{"taxonomy":"post_tag","embeddable":true,"href":"https:\/\/www.amante-menden.de\/index.php?rest_route=%2Fwp%2Fv2%2Ftags&post=3039"}],"curies":[{"name":"wp","href":"https:\/\/api.w.org\/{rel}","templated":true}]}}