{"id":3105,"date":"2016-10-01T13:22:17","date_gmt":"2016-10-01T11:22:17","guid":{"rendered":"http:\/\/www.amante-menden.de\/?p=3105"},"modified":"2016-10-01T13:22:17","modified_gmt":"2016-10-01T11:22:17","slug":"dritte-cd-von-amante-heisst-klischee-passe","status":"publish","type":"post","link":"https:\/\/www.amante-menden.de\/?p=3105","title":{"rendered":"Dritte CD von amante hei\u00dft &#8222;Klischee pass\u00e9&#8220;"},"content":{"rendered":"<p><a href=\"http:\/\/www.amante-menden.de\/wordpress\/wp-content\/uploads\/2016\/10\/cd-1.jpg\"><img loading=\"lazy\" decoding=\"async\" class=\"alignnone wp-image-3108 size-large\" src=\"http:\/\/www.amante-menden.de\/wordpress\/wp-content\/uploads\/2016\/10\/cd-1-1024x501.jpg\" alt=\"cd-1\" width=\"640\" height=\"313\" srcset=\"https:\/\/www.amante-menden.de\/wordpress\/wp-content\/uploads\/2016\/10\/cd-1-1024x501.jpg 1024w, https:\/\/www.amante-menden.de\/wordpress\/wp-content\/uploads\/2016\/10\/cd-1-300x147.jpg 300w, https:\/\/www.amante-menden.de\/wordpress\/wp-content\/uploads\/2016\/10\/cd-1-768x376.jpg 768w, https:\/\/www.amante-menden.de\/wordpress\/wp-content\/uploads\/2016\/10\/cd-1.jpg 1437w\" sizes=\"auto, (max-width: 640px) 100vw, 640px\" \/><\/a><\/p>\n<p>Weg mit den bisweilen antiquierten Vorurteilen gegen\u00fcber Chormusik! Frei nach diesem Motto hat der f\u00fcnffache Meisterchor amante della musica menden seine dritte eigene CD mit dem Titel &#8222;Klischee pass\u00e9&#8220; versehen.<\/p>\n<p>&#8222;Singen im Chor &#8211; das ist bei uns unglaublich vielseitig, spannend und anspruchsvoll. Den Beweis daf\u00fcr treten wir mit diesem Silberling ganz sicher an. Deshalb passt der Titel im Jahr unseres 30-j\u00e4hrigen Bestehens perfekt&#8220;, betont der 1. Vorsitzende Lars Becker.<\/p>\n<p><a href=\"http:\/\/www.amante-menden.de\/wordpress\/wp-content\/uploads\/2016\/10\/cd-2.jpg\"><img loading=\"lazy\" decoding=\"async\" class=\"alignnone size-medium wp-image-3109\" src=\"http:\/\/www.amante-menden.de\/wordpress\/wp-content\/uploads\/2016\/10\/cd-2-300x259.jpg\" alt=\"cd-2\" width=\"300\" height=\"259\" srcset=\"https:\/\/www.amante-menden.de\/wordpress\/wp-content\/uploads\/2016\/10\/cd-2-300x259.jpg 300w, https:\/\/www.amante-menden.de\/wordpress\/wp-content\/uploads\/2016\/10\/cd-2-768x662.jpg 768w, https:\/\/www.amante-menden.de\/wordpress\/wp-content\/uploads\/2016\/10\/cd-2.jpg 927w\" sizes=\"auto, (max-width: 300px) 100vw, 300px\" \/><\/a><\/p>\n<p>Am kommenden Montag beim ausverkauften Benefizkonzert auf der Wilhelmsh\u00f6he wird die CD erstmals zum Preis von 12 Euro zu haben sein. Sie enth\u00e4lt 13 Titel: neun Studioaufnahmen und vier Live-Mitschnitte vom amante-Repertoire des letzten Meisterchorsingens. Chorleiter Stefan Risse hat die Aufnahmen zusammen mit Toningenieur Andreas Burghardt aus Schwerte abgemischt.<\/p>\n<p><a href=\"http:\/\/www.amante-menden.de\/wordpress\/wp-content\/uploads\/2016\/10\/cover.jpg\"><img loading=\"lazy\" decoding=\"async\" class=\"alignnone size-medium wp-image-3107\" src=\"http:\/\/www.amante-menden.de\/wordpress\/wp-content\/uploads\/2016\/10\/cover-296x300.jpg\" alt=\"cover\" width=\"296\" height=\"300\" srcset=\"https:\/\/www.amante-menden.de\/wordpress\/wp-content\/uploads\/2016\/10\/cover-296x300.jpg 296w, https:\/\/www.amante-menden.de\/wordpress\/wp-content\/uploads\/2016\/10\/cover.jpg 671w\" sizes=\"auto, (max-width: 296px) 100vw, 296px\" \/><\/a><\/p>\n<p>Bestellungen der CD, die ein sehr sch\u00f6nes Weihnachtsgeschenk darstellt, sind per E-Mail (vorstand@amante-menden.de) oder per Telefon (02373\/1741282, Lars Becker) m\u00f6glich.<\/p>\n<p><a href=\"http:\/\/www.amante-menden.de\/wordpress\/wp-content\/uploads\/2016\/10\/cd.jpg\"><img loading=\"lazy\" decoding=\"async\" class=\"alignnone size-medium wp-image-3106\" src=\"http:\/\/www.amante-menden.de\/wordpress\/wp-content\/uploads\/2016\/10\/cd-300x292.jpg\" alt=\"cd\" width=\"300\" height=\"292\" srcset=\"https:\/\/www.amante-menden.de\/wordpress\/wp-content\/uploads\/2016\/10\/cd-300x292.jpg 300w, https:\/\/www.amante-menden.de\/wordpress\/wp-content\/uploads\/2016\/10\/cd-768x748.jpg 768w, https:\/\/www.amante-menden.de\/wordpress\/wp-content\/uploads\/2016\/10\/cd.jpg 915w\" sizes=\"auto, (max-width: 300px) 100vw, 300px\" \/><\/a><\/p>\n","protected":false},"excerpt":{"rendered":"<p>Weg mit den bisweilen antiquierten Vorurteilen gegen\u00fcber Chormusik! Frei nach diesem Motto hat der f\u00fcnffache Meisterchor amante della musica menden seine dritte eigene CD mit dem Titel &#8222;Klischee pass\u00e9&#8220; versehen. &#8222;Singen im Chor &#8211; das ist bei uns unglaublich vielseitig, &hellip; <a href=\"https:\/\/www.amante-menden.de\/?p=3105\">Weiterlesen <span class=\"meta-nav\">&rarr;<\/span><\/a><\/p>\n","protected":false},"author":2,"featured_media":0,"comment_status":"closed","ping_status":"closed","sticky":false,"template":"","format":"standard","meta":{"footnotes":""},"categories":[5],"tags":[],"class_list":["post-3105","post","type-post","status-publish","format-standard","hentry","category-aktuelles"],"_links":{"self":[{"href":"https:\/\/www.amante-menden.de\/index.php?rest_route=\/wp\/v2\/posts\/3105","targetHints":{"allow":["GET"]}}],"collection":[{"href":"https:\/\/www.amante-menden.de\/index.php?rest_route=\/wp\/v2\/posts"}],"about":[{"href":"https:\/\/www.amante-menden.de\/index.php?rest_route=\/wp\/v2\/types\/post"}],"author":[{"embeddable":true,"href":"https:\/\/www.amante-menden.de\/index.php?rest_route=\/wp\/v2\/users\/2"}],"replies":[{"embeddable":true,"href":"https:\/\/www.amante-menden.de\/index.php?rest_route=%2Fwp%2Fv2%2Fcomments&post=3105"}],"version-history":[{"count":1,"href":"https:\/\/www.amante-menden.de\/index.php?rest_route=\/wp\/v2\/posts\/3105\/revisions"}],"predecessor-version":[{"id":3110,"href":"https:\/\/www.amante-menden.de\/index.php?rest_route=\/wp\/v2\/posts\/3105\/revisions\/3110"}],"wp:attachment":[{"href":"https:\/\/www.amante-menden.de\/index.php?rest_route=%2Fwp%2Fv2%2Fmedia&parent=3105"}],"wp:term":[{"taxonomy":"category","embeddable":true,"href":"https:\/\/www.amante-menden.de\/index.php?rest_route=%2Fwp%2Fv2%2Fcategories&post=3105"},{"taxonomy":"post_tag","embeddable":true,"href":"https:\/\/www.amante-menden.de\/index.php?rest_route=%2Fwp%2Fv2%2Ftags&post=3105"}],"curies":[{"name":"wp","href":"https:\/\/api.w.org\/{rel}","templated":true}]}}