{"id":3168,"date":"2016-12-11T17:46:12","date_gmt":"2016-12-11T15:46:12","guid":{"rendered":"http:\/\/www.amante-menden.de\/?p=3168"},"modified":"2016-12-11T17:49:08","modified_gmt":"2016-12-11T15:49:08","slug":"zu-gast-im-gewoge-seniorenzentrum-in-lendringsen","status":"publish","type":"post","link":"https:\/\/www.amante-menden.de\/?p=3168","title":{"rendered":"Zu Gast im Gewoge-Seniorenzentrum in Lendringsen"},"content":{"rendered":"<p><a href=\"http:\/\/www.amante-menden.de\/wordpress\/wp-content\/uploads\/2016\/12\/gewoge_chor.jpg\"><img loading=\"lazy\" decoding=\"async\" class=\"alignnone wp-image-3169\" src=\"http:\/\/www.amante-menden.de\/wordpress\/wp-content\/uploads\/2016\/12\/gewoge_chor-1024x768.jpg\" alt=\"\" width=\"624\" height=\"468\" srcset=\"https:\/\/www.amante-menden.de\/wordpress\/wp-content\/uploads\/2016\/12\/gewoge_chor-1024x768.jpg 1024w, https:\/\/www.amante-menden.de\/wordpress\/wp-content\/uploads\/2016\/12\/gewoge_chor-300x225.jpg 300w, https:\/\/www.amante-menden.de\/wordpress\/wp-content\/uploads\/2016\/12\/gewoge_chor-768x576.jpg 768w, https:\/\/www.amante-menden.de\/wordpress\/wp-content\/uploads\/2016\/12\/gewoge_chor.jpg 1936w\" sizes=\"auto, (max-width: 624px) 100vw, 624px\" \/><\/a><\/p>\n<p>Es ist seit vielen, vielen Jahren gute Tradition, dass amante della musica menden in den Senioreneinrichtungen der Stadt auftritt, um dort den Bewohnerinnen und Bewohnern mit einem Auszug aus dem Repertoire eine Freude zu machen.<\/p>\n<p>Am vergangenen Donnerstag, 1. Dezember, war es wieder so weit: Zu Gast war der f\u00fcnffache Meisterchor im Gewoge-Seniorenzentrum in Lendringsen. Bei der dortigen Weihnachtsfeier pr\u00e4sentierten 35 Aktive u<span class=\"text_exposed_show\">nter der Regie von Chorleiter Stefan Risse zun\u00e4chst Volkslieder, dann aber nat\u00fcrlich auch Weihnachtslieder und einige Gedichte und Geschichten zur Weihnacht. Und selbstverst\u00e4ndlich durften auch gemeinsame Lieder mit den G\u00e4sten nicht fehlen.<\/span><\/p>\n<p><a href=\"http:\/\/www.amante-menden.de\/wordpress\/wp-content\/uploads\/2016\/12\/gewoge_publikum.jpg\"><img loading=\"lazy\" decoding=\"async\" class=\"alignnone size-large wp-image-3170\" src=\"http:\/\/www.amante-menden.de\/wordpress\/wp-content\/uploads\/2016\/12\/gewoge_publikum-1024x768.jpg\" alt=\"\" width=\"640\" height=\"480\" srcset=\"https:\/\/www.amante-menden.de\/wordpress\/wp-content\/uploads\/2016\/12\/gewoge_publikum-1024x768.jpg 1024w, https:\/\/www.amante-menden.de\/wordpress\/wp-content\/uploads\/2016\/12\/gewoge_publikum-300x225.jpg 300w, https:\/\/www.amante-menden.de\/wordpress\/wp-content\/uploads\/2016\/12\/gewoge_publikum-768x576.jpg 768w, https:\/\/www.amante-menden.de\/wordpress\/wp-content\/uploads\/2016\/12\/gewoge_publikum.jpg 1921w\" sizes=\"auto, (max-width: 640px) 100vw, 640px\" \/><\/a><\/p>\n<div class=\"text_exposed_show\">\n<p>Schon jetzt freuen wir uns aufs Wiedersehen an gleicher Stelle &#8211; am Donnerstag,<br \/>\n7. Dezember 2017.<\/p>\n<p>Nach dem Auftritt fuhren die S\u00e4ngerinnen und S\u00e4nger in die Innenstadt, um gemeinsam auf dem Mendener Winter in uriger Atmosph\u00e4re Punsch und Gl\u00fchwein zu trinken. amante hatte sich ja auf dem Mendener Winter auch in einer eigenen H\u00fctte pr\u00e4sentiert, dort die ersten Eintrittskarten f\u00fcrs Benefizkonzert 2017 sowie die neue CD &#8222;Klischee pass\u00e9&#8220; verkauft.<\/p>\n<\/div>\n","protected":false},"excerpt":{"rendered":"<p>Es ist seit vielen, vielen Jahren gute Tradition, dass amante della musica menden in den Senioreneinrichtungen der Stadt auftritt, um dort den Bewohnerinnen und Bewohnern mit einem Auszug aus dem Repertoire eine Freude zu machen. Am vergangenen Donnerstag, 1. Dezember, &hellip; <a href=\"https:\/\/www.amante-menden.de\/?p=3168\">Weiterlesen <span class=\"meta-nav\">&rarr;<\/span><\/a><\/p>\n","protected":false},"author":3,"featured_media":0,"comment_status":"closed","ping_status":"closed","sticky":false,"template":"","format":"standard","meta":{"footnotes":""},"categories":[5],"tags":[],"class_list":["post-3168","post","type-post","status-publish","format-standard","hentry","category-aktuelles"],"_links":{"self":[{"href":"https:\/\/www.amante-menden.de\/index.php?rest_route=\/wp\/v2\/posts\/3168","targetHints":{"allow":["GET"]}}],"collection":[{"href":"https:\/\/www.amante-menden.de\/index.php?rest_route=\/wp\/v2\/posts"}],"about":[{"href":"https:\/\/www.amante-menden.de\/index.php?rest_route=\/wp\/v2\/types\/post"}],"author":[{"embeddable":true,"href":"https:\/\/www.amante-menden.de\/index.php?rest_route=\/wp\/v2\/users\/3"}],"replies":[{"embeddable":true,"href":"https:\/\/www.amante-menden.de\/index.php?rest_route=%2Fwp%2Fv2%2Fcomments&post=3168"}],"version-history":[{"count":2,"href":"https:\/\/www.amante-menden.de\/index.php?rest_route=\/wp\/v2\/posts\/3168\/revisions"}],"predecessor-version":[{"id":3172,"href":"https:\/\/www.amante-menden.de\/index.php?rest_route=\/wp\/v2\/posts\/3168\/revisions\/3172"}],"wp:attachment":[{"href":"https:\/\/www.amante-menden.de\/index.php?rest_route=%2Fwp%2Fv2%2Fmedia&parent=3168"}],"wp:term":[{"taxonomy":"category","embeddable":true,"href":"https:\/\/www.amante-menden.de\/index.php?rest_route=%2Fwp%2Fv2%2Fcategories&post=3168"},{"taxonomy":"post_tag","embeddable":true,"href":"https:\/\/www.amante-menden.de\/index.php?rest_route=%2Fwp%2Fv2%2Ftags&post=3168"}],"curies":[{"name":"wp","href":"https:\/\/api.w.org\/{rel}","templated":true}]}}