{"id":3173,"date":"2016-12-11T18:02:42","date_gmt":"2016-12-11T16:02:42","guid":{"rendered":"http:\/\/www.amante-menden.de\/?p=3173"},"modified":"2016-12-11T18:05:44","modified_gmt":"2016-12-11T16:05:44","slug":"tolle-bilanz-des-mendener-winters","status":"publish","type":"post","link":"https:\/\/www.amante-menden.de\/?p=3173","title":{"rendered":"Tolle Bilanz des Mendener Winters"},"content":{"rendered":"<p><a href=\"http:\/\/www.amante-menden.de\/wordpress\/wp-content\/uploads\/2016\/12\/schrift_mendener_winter.jpg\"><img loading=\"lazy\" decoding=\"async\" class=\"alignnone  wp-image-3179\" src=\"http:\/\/www.amante-menden.de\/wordpress\/wp-content\/uploads\/2016\/12\/schrift_mendener_winter.jpg\" alt=\"\" width=\"314\" height=\"236\" srcset=\"https:\/\/www.amante-menden.de\/wordpress\/wp-content\/uploads\/2016\/12\/schrift_mendener_winter.jpg 960w, https:\/\/www.amante-menden.de\/wordpress\/wp-content\/uploads\/2016\/12\/schrift_mendener_winter-300x225.jpg 300w, https:\/\/www.amante-menden.de\/wordpress\/wp-content\/uploads\/2016\/12\/schrift_mendener_winter-768x576.jpg 768w\" sizes=\"auto, (max-width: 314px) 100vw, 314px\" \/><\/a><a href=\"http:\/\/www.amante-menden.de\/wordpress\/wp-content\/uploads\/2016\/12\/huette_dunkel.jpg\"><img loading=\"lazy\" decoding=\"async\" class=\"alignnone wp-image-3174\" src=\"http:\/\/www.amante-menden.de\/wordpress\/wp-content\/uploads\/2016\/12\/huette_dunkel.jpg\" alt=\"\" width=\"313\" height=\"235\" srcset=\"https:\/\/www.amante-menden.de\/wordpress\/wp-content\/uploads\/2016\/12\/huette_dunkel.jpg 960w, https:\/\/www.amante-menden.de\/wordpress\/wp-content\/uploads\/2016\/12\/huette_dunkel-300x225.jpg 300w, https:\/\/www.amante-menden.de\/wordpress\/wp-content\/uploads\/2016\/12\/huette_dunkel-768x576.jpg 768w\" sizes=\"auto, (max-width: 313px) 100vw, 313px\" \/><\/a><\/p>\n<p>Das erste Gastspiel unseres Chores amante della musica beim viert\u00e4gigen &#8222;Mendener Winter&#8220; der Werbegemeinschaft im Herzen der Stadt war ein gro\u00dfer Erfolg.<\/p>\n<p>Am Donnerstag, 1. Dezember, er\u00f6ffneten wir den Vorverkauf f\u00fcr die vierte Auflage des Benefizkonzertes zum Tag der deutschen Einheit am Dienstag, 3. Oktober 2017 um 17 Uhr auf der Wilhelmsh\u00f6he. Bis einschlie\u00dflich Sonntag waren die erneut nummerierten Sitzplatztickets in der H\u00fctte des f\u00fcnffachen Meisterchores t\u00e4glich ab 11 Uhr auf dem \u201eMendener Winter\u201c vor dem Alten Rathaus erh\u00e4ltlich.<\/p>\n<p>Hier verkaufte der Meisterchor rechtzeitig zur Weihnachtszeit auch seine brandneue CD \u201eKlisch\u00e9e pass\u00e9\u201c, spezielle Geschenkpakete sowie weitere \u201eFan-Artikel\u201c.<\/p>\n<p><a href=\"http:\/\/www.amante-menden.de\/wordpress\/wp-content\/uploads\/2016\/12\/cd_geschenkset.jpg\"><img loading=\"lazy\" decoding=\"async\" class=\"alignnone wp-image-3175\" src=\"http:\/\/www.amante-menden.de\/wordpress\/wp-content\/uploads\/2016\/12\/cd_geschenkset.jpg\" alt=\"\" width=\"313\" height=\"235\" srcset=\"https:\/\/www.amante-menden.de\/wordpress\/wp-content\/uploads\/2016\/12\/cd_geschenkset.jpg 960w, https:\/\/www.amante-menden.de\/wordpress\/wp-content\/uploads\/2016\/12\/cd_geschenkset-300x225.jpg 300w, https:\/\/www.amante-menden.de\/wordpress\/wp-content\/uploads\/2016\/12\/cd_geschenkset-768x576.jpg 768w\" sizes=\"auto, (max-width: 313px) 100vw, 313px\" \/><\/a><\/p>\n<p>Wir danken allen, die schon jetzt Karten f\u00fcr unser Benefizkonzert am 3.10.2017 gekauft haben &#8211; unfassbar, dass fast ein Drittel der Tickets schon weg ist. Damit h\u00e4tten wir niemals gerechnet.<\/p>\n<div class=\"text_exposed_show\">\n<p>Besten Dank an die K\u00e4ufer unserer neuen CD &#8222;Klisch\u00e9e pass\u00e9&#8220;, f\u00fcr jedes gute Gespr\u00e4ch und das gro\u00dfe Interesse an unserem Chor.<\/p>\n<\/div>\n","protected":false},"excerpt":{"rendered":"<p>Das erste Gastspiel unseres Chores amante della musica beim viert\u00e4gigen &#8222;Mendener Winter&#8220; der Werbegemeinschaft im Herzen der Stadt war ein gro\u00dfer Erfolg. Am Donnerstag, 1. Dezember, er\u00f6ffneten wir den Vorverkauf f\u00fcr die vierte Auflage des Benefizkonzertes zum Tag der deutschen &hellip; <a href=\"https:\/\/www.amante-menden.de\/?p=3173\">Weiterlesen <span class=\"meta-nav\">&rarr;<\/span><\/a><\/p>\n","protected":false},"author":3,"featured_media":0,"comment_status":"closed","ping_status":"closed","sticky":false,"template":"","format":"standard","meta":{"footnotes":""},"categories":[5],"tags":[],"class_list":["post-3173","post","type-post","status-publish","format-standard","hentry","category-aktuelles"],"_links":{"self":[{"href":"https:\/\/www.amante-menden.de\/index.php?rest_route=\/wp\/v2\/posts\/3173","targetHints":{"allow":["GET"]}}],"collection":[{"href":"https:\/\/www.amante-menden.de\/index.php?rest_route=\/wp\/v2\/posts"}],"about":[{"href":"https:\/\/www.amante-menden.de\/index.php?rest_route=\/wp\/v2\/types\/post"}],"author":[{"embeddable":true,"href":"https:\/\/www.amante-menden.de\/index.php?rest_route=\/wp\/v2\/users\/3"}],"replies":[{"embeddable":true,"href":"https:\/\/www.amante-menden.de\/index.php?rest_route=%2Fwp%2Fv2%2Fcomments&post=3173"}],"version-history":[{"count":4,"href":"https:\/\/www.amante-menden.de\/index.php?rest_route=\/wp\/v2\/posts\/3173\/revisions"}],"predecessor-version":[{"id":3180,"href":"https:\/\/www.amante-menden.de\/index.php?rest_route=\/wp\/v2\/posts\/3173\/revisions\/3180"}],"wp:attachment":[{"href":"https:\/\/www.amante-menden.de\/index.php?rest_route=%2Fwp%2Fv2%2Fmedia&parent=3173"}],"wp:term":[{"taxonomy":"category","embeddable":true,"href":"https:\/\/www.amante-menden.de\/index.php?rest_route=%2Fwp%2Fv2%2Fcategories&post=3173"},{"taxonomy":"post_tag","embeddable":true,"href":"https:\/\/www.amante-menden.de\/index.php?rest_route=%2Fwp%2Fv2%2Ftags&post=3173"}],"curies":[{"name":"wp","href":"https:\/\/api.w.org\/{rel}","templated":true}]}}