{"id":3255,"date":"2017-02-09T17:27:38","date_gmt":"2017-02-09T15:27:38","guid":{"rendered":"http:\/\/www.amante-menden.de\/?p=3255"},"modified":"2017-02-09T17:32:57","modified_gmt":"2017-02-09T15:32:57","slug":"rodenbergchor-und-amante-beschenken-kfd-boesperde-zum-100-geburtstag","status":"publish","type":"post","link":"https:\/\/www.amante-menden.de\/?p=3255","title":{"rendered":"Rodenbergchor und amante beschenken KFD B\u00f6sperde zum 100. Geburtstag"},"content":{"rendered":"<p align=\"justify\"><strong><span style=\"font-size: medium;\">Benefiz-Chorkonzert am 13. Mai \/ Vorverkauf l\u00e4uft<\/span><\/strong><\/p>\n<p align=\"justify\"><a href=\"http:\/\/www.amante-menden.de\/wordpress\/wp-content\/uploads\/2017\/02\/IMG_1395.jpg\"><img loading=\"lazy\" decoding=\"async\" class=\"alignnone wp-image-3256 size-large\" src=\"http:\/\/www.amante-menden.de\/wordpress\/wp-content\/uploads\/2017\/02\/IMG_1395-e1486653833869-768x1024.jpg\" width=\"640\" height=\"853\" srcset=\"https:\/\/www.amante-menden.de\/wordpress\/wp-content\/uploads\/2017\/02\/IMG_1395-e1486653833869-768x1024.jpg 768w, https:\/\/www.amante-menden.de\/wordpress\/wp-content\/uploads\/2017\/02\/IMG_1395-e1486653833869-225x300.jpg 225w\" sizes=\"auto, (max-width: 640px) 100vw, 640px\" \/><\/a>Ein musikalisches Geschenk zum Jubil\u00e4um, das von Herzen kommt: Der Rodenbergchor Menden und amante della musica menden sind am Samstag, 13. Mai, zu Gast in der Sch\u00fctzenhalle B\u00f6sperde und gratulieren der <a href=\"https:\/\/www.pv-menden.de\/gemeinden\/st-maria-magdalena-boesperde\/kfd\/\">KFD St. Maria Magdalena<\/a> im Rahmen eines Benefizkonzertes zum 100-j\u00e4hrigen Bestehen.<\/p>\n<p align=\"justify\">Der Erl\u00f6s des Abends, der um 18 Uhr beginnen wird, geht zu gleichen Teilen an den Verein f\u00fcr k\u00f6rper- und mehrfachbehinderte Menschen (VKM), an den Sozialdienst katholischer Frauen (SKF) und an die Caritas B\u00f6sperde. Das hat das Leitungsteam der KFD jetzt entschieden.<\/p>\n<p align=\"justify\">Eintrittskarten sind in den Kundencentern der Mendener Bank, in der Buchhandlung Daub, bei beiden Ch\u00f6ren und beim KFD-Leitungsteam zum Preis von 10 Euro erh\u00e4ltlich.\u00a0Wenden Sie sich per Mail an vorstand@amante-menden.de oder telefonisch an Petra Nagel (02373-63388) &#8211; wir senden Ihnen die Karten gerne zu.<\/p>\n<p align=\"justify\">\u201eWir haben uns sehr \u00fcber die fr\u00fche Anfrage der KFD gefreut, die anl\u00e4sslich ihres Jubil\u00e4ums ein Benefizkonzert auf die Beine stellen wollte. Schnell waren wir uns einig darin, dass wir gemeinsam diesen Abend in B\u00f6sperde gestalten wollen \u2013 f\u00fcr die KFD, aber nat\u00fcrlich auch f\u00fcr die drei Vereine und Initiativen, die unmittelbar von unserem Engagement profitieren werden\u201c, betonen die beiden Vorsitzenden Monika Weber vom Rodenbergchor und Lars Becker.<\/p>\n<p align=\"justify\"><a href=\"http:\/\/www.amante-menden.de\/wordpress\/wp-content\/uploads\/2017\/02\/IMG_1396.jpg\"><img loading=\"lazy\" decoding=\"async\" class=\"alignnone size-medium wp-image-3257\" src=\"http:\/\/www.amante-menden.de\/wordpress\/wp-content\/uploads\/2017\/02\/IMG_1396-300x225.jpg\" alt=\"\" width=\"300\" height=\"225\" srcset=\"https:\/\/www.amante-menden.de\/wordpress\/wp-content\/uploads\/2017\/02\/IMG_1396-300x225.jpg 300w, https:\/\/www.amante-menden.de\/wordpress\/wp-content\/uploads\/2017\/02\/IMG_1396-768x576.jpg 768w, https:\/\/www.amante-menden.de\/wordpress\/wp-content\/uploads\/2017\/02\/IMG_1396-1024x768.jpg 1024w\" sizes=\"auto, (max-width: 300px) 100vw, 300px\" \/><\/a><\/p>\n<p align=\"justify\">Im Rahmen eines Treffens mit dem Leitungsteam der KFD im B\u00f6sperder Pfarrheim sprachen alle Beteiligten Anfang Januar die Details des Konzertabends Mitte Mai ab, den rund 500 G\u00e4ste live erleben k\u00f6nnen. Beide Ch\u00f6re versprachen dabei, eine m\u00f6glichst gro\u00dfe Bandbreite ihres Repertoires mit in die Sch\u00fctzenhalle zu bringen, damit f\u00fcr jeden Geschmack etwas dabei ist: Volkslieder und Pop-Songs, St\u00fccke mit Klavierbegleitung und a-cappella-Musik, deutschsprachige Lieder und dazu auch internationales Liedgut.<\/p>\n<p align=\"justify\">Der Rodenbergchor steht unter der bew\u00e4hrten Leitung von Volker M\u00fcsch. Das Dirigat von amante liegt am 13. Mai in den H\u00e4nden von Andrea Ferber, die Chorleiter Stefan Risse vertritt.<\/p>\n<div id=\"attachment_3259\" style=\"width: 650px\" class=\"wp-caption alignnone\"><a href=\"http:\/\/www.amante-menden.de\/wordpress\/wp-content\/uploads\/2017\/02\/DSC01119.jpg\"><img loading=\"lazy\" decoding=\"async\" aria-describedby=\"caption-attachment-3259\" class=\"wp-image-3259 size-large\" src=\"http:\/\/www.amante-menden.de\/wordpress\/wp-content\/uploads\/2017\/02\/DSC01119-1024x437.jpg\" width=\"640\" height=\"273\" srcset=\"https:\/\/www.amante-menden.de\/wordpress\/wp-content\/uploads\/2017\/02\/DSC01119-1024x437.jpg 1024w, https:\/\/www.amante-menden.de\/wordpress\/wp-content\/uploads\/2017\/02\/DSC01119-300x128.jpg 300w, https:\/\/www.amante-menden.de\/wordpress\/wp-content\/uploads\/2017\/02\/DSC01119-768x328.jpg 768w\" sizes=\"auto, (max-width: 640px) 100vw, 640px\" \/><\/a><p id=\"caption-attachment-3259\" class=\"wp-caption-text\">Der Rodenbergchor Menden singt unter der Leitung von Volker M\u00fcsch.<\/p><\/div>\n<p align=\"justify\">Die Damen des Rodenbergchores begeistern seit vielen, vielen Jahren mit ihrem Weihnachtskonzert am vierten Advent hunderte Besucher \u2013 lange in der Erl\u00f6serkirche B\u00f6sperde, seit 2015 in der Heilig-Kreuz-Kirche. Ein H\u00f6hepunkt 2016 war im Juni das Konzert auf der Wilhelmsh\u00f6he mit der Jungen Philharmonie K\u00f6ln. Die 1993 gegr\u00fcndete Singgemeinschaft engagiert sich musikalisch bei zahlreichen Veranstaltungen in Menden und ist auch weit dar\u00fcber hinaus gern gesehener Konzertgast.<\/p>\n<p align=\"justify\">amante della musica, 1986 als Junger Chor Menden gegr\u00fcndet, geh\u00f6rt in der Region als f\u00fcnffacher Meisterchor zu den leistungsst\u00e4rksten Ch\u00f6ren. Im Jahr 2014 veranstaltete der Klangk\u00f6rper erstmals sein Benefizkonzert zum Tag der deutschen Einheit, das 2017 am 3. Oktober seine vierte Auflage erleben wird. Auch hier werden \u2013 wie am 13. Mai in B\u00f6sperde \u2013 Jahr f\u00fcr Jahr drei Projekte bzw. Vereine finanziell unterst\u00fctzt.<\/p>\n<p align=\"justify\">\u201eWir sind beiden Ch\u00f6ren mit ihren rund 60 Aktiven sehr dankbar f\u00fcr ihre Zusage, das Benefizkonzert zu unserem 100-j\u00e4hrigen Bestehen zu gestalten. Die Vorfreude darauf verbinden wir mit der Hoffnung, dass die Sch\u00fctzenhalle am 13. Mai sehr gut gef\u00fcllt sein wird\u201c, erkl\u00e4rt Gerda H\u00f6lzer stellvertretend f\u00fcr das Leitungsteam der KFD St. Maria Magdalena.<\/p>\n","protected":false},"excerpt":{"rendered":"<p>Benefiz-Chorkonzert am 13. Mai \/ Vorverkauf l\u00e4uft Ein musikalisches Geschenk zum Jubil\u00e4um, das von Herzen kommt: Der Rodenbergchor Menden und amante della musica menden sind am Samstag, 13. Mai, zu Gast in der Sch\u00fctzenhalle B\u00f6sperde und gratulieren der KFD St. &hellip; <a href=\"https:\/\/www.amante-menden.de\/?p=3255\">Weiterlesen <span class=\"meta-nav\">&rarr;<\/span><\/a><\/p>\n","protected":false},"author":2,"featured_media":0,"comment_status":"closed","ping_status":"closed","sticky":false,"template":"","format":"standard","meta":{"footnotes":""},"categories":[5],"tags":[],"class_list":["post-3255","post","type-post","status-publish","format-standard","hentry","category-aktuelles"],"_links":{"self":[{"href":"https:\/\/www.amante-menden.de\/index.php?rest_route=\/wp\/v2\/posts\/3255","targetHints":{"allow":["GET"]}}],"collection":[{"href":"https:\/\/www.amante-menden.de\/index.php?rest_route=\/wp\/v2\/posts"}],"about":[{"href":"https:\/\/www.amante-menden.de\/index.php?rest_route=\/wp\/v2\/types\/post"}],"author":[{"embeddable":true,"href":"https:\/\/www.amante-menden.de\/index.php?rest_route=\/wp\/v2\/users\/2"}],"replies":[{"embeddable":true,"href":"https:\/\/www.amante-menden.de\/index.php?rest_route=%2Fwp%2Fv2%2Fcomments&post=3255"}],"version-history":[{"count":2,"href":"https:\/\/www.amante-menden.de\/index.php?rest_route=\/wp\/v2\/posts\/3255\/revisions"}],"predecessor-version":[{"id":3261,"href":"https:\/\/www.amante-menden.de\/index.php?rest_route=\/wp\/v2\/posts\/3255\/revisions\/3261"}],"wp:attachment":[{"href":"https:\/\/www.amante-menden.de\/index.php?rest_route=%2Fwp%2Fv2%2Fmedia&parent=3255"}],"wp:term":[{"taxonomy":"category","embeddable":true,"href":"https:\/\/www.amante-menden.de\/index.php?rest_route=%2Fwp%2Fv2%2Fcategories&post=3255"},{"taxonomy":"post_tag","embeddable":true,"href":"https:\/\/www.amante-menden.de\/index.php?rest_route=%2Fwp%2Fv2%2Ftags&post=3255"}],"curies":[{"name":"wp","href":"https:\/\/api.w.org\/{rel}","templated":true}]}}