{"id":3284,"date":"2017-03-16T11:14:04","date_gmt":"2017-03-16T09:14:04","guid":{"rendered":"http:\/\/www.amante-menden.de\/?p=3284"},"modified":"2017-03-16T11:21:09","modified_gmt":"2017-03-16T09:21:09","slug":"vorfreude-pur-bei-amante-carsten-gerlitz-kommt-zum-coaching","status":"publish","type":"post","link":"https:\/\/www.amante-menden.de\/?p=3284","title":{"rendered":"Vorfreude pur bei amante: Carsten Gerlitz kommt zum Coaching"},"content":{"rendered":"<p>Nach dem Jubil\u00e4umskonzert zum 60-j\u00e4hrigen Bestehen des Blasorchesters Menden ist vor dem Coaching mit Carsten Gerlitz: Chorleiter Stefan Risse sowie die S\u00e4ngerinnen und S\u00e4nger von amante della musica menden fiebern dem\u00a0kommenden Sonntag, 19. M\u00e4rz, entgegen. Dann ist <a href=\"http:\/\/www.greenlandmusic.de\/carsten-gerlitz\">der bekannte Pop-Komponist aus Berlin<\/a> zu Gast in Menden.<\/p>\n<div id=\"attachment_3285\" style=\"width: 310px\" class=\"wp-caption alignnone\"><a href=\"http:\/\/www.amante-menden.de\/wordpress\/wp-content\/uploads\/2017\/03\/carsten_gerlitz.jpg\"><img loading=\"lazy\" decoding=\"async\" aria-describedby=\"caption-attachment-3285\" class=\"wp-image-3285 size-full\" src=\"http:\/\/www.amante-menden.de\/wordpress\/wp-content\/uploads\/2017\/03\/carsten_gerlitz.jpg\" alt=\"\" width=\"300\" height=\"435\" srcset=\"https:\/\/www.amante-menden.de\/wordpress\/wp-content\/uploads\/2017\/03\/carsten_gerlitz.jpg 300w, https:\/\/www.amante-menden.de\/wordpress\/wp-content\/uploads\/2017\/03\/carsten_gerlitz-207x300.jpg 207w\" sizes=\"auto, (max-width: 300px) 100vw, 300px\" \/><\/a><p id=\"caption-attachment-3285\" class=\"wp-caption-text\">Carsten Gerlitz (Foto: www.greenlandmusic.de)<\/p><\/div>\n<p>Der Zeitpunkt f\u00fcr die mehrst\u00fcndige Arbeit mit Carsten Gerlitz liegt perfekt, weil amante aktuell gleich zwei Pop-Balladen, echte Welt-Hits\u00a0des beliebten Arrangeurs <a href=\"https:\/\/chor.helbling-verlag.de\/?pagename=product&amp;product=C5847\">aus seiner Sammlung &#8222;Love &amp; Choir&#8220;<\/a> einstudiert. Welche das konkret sind, wird nat\u00fcrlich noch nicht verraten. Fakt aber ist: Eine bessere Chance, vom Komponisten selbst zu erfahren, wie er sich den Sound des St\u00fccke vorgestellt hat, kann es nicht geben.<\/p>\n<p>&#8222;Wir sind tats\u00e4chlich froh und gl\u00fccklich, dass Carsten Gerlitz am Sonntag bei uns zu Gast ist. Dankbar sind wir in diesem Zusammenhang vor allem unseren Chorfreunden von Just for fun aus dem Kreis Olpe und ihrem Chorleiter Siegfried Knappstein. Der Chor hatte Carsten Gerlitz fr\u00fchzeitig f\u00fcr sein Probewochenende engagiert, wir konnten die Chance beim Schopfe packen und ihn direkt f\u00fcr Sonntag buchen&#8220;, erl\u00e4utert amante-Vorsitzender Lars Becker, wie der Kontakt zu Gerlitz zustande kam.<\/p>\n<p>Stefan Risse, Chorleiter von amante aus Ense-H\u00f6ingen, hatte Carsten Gerlitz pers\u00f6nlich im Herbst bei einem Workshop des Musikverlages Helbling in Bielefeld kennengelernt. Wenig sp\u00e4ter waren die neuen Noten gekauft &#8211; und Gerlitz f\u00fcrs Coaching verpflichtet.<\/p>\n<p>Er wird am Sonntag bei &#8222;Just for fun&#8220; abgeholt und anschlie\u00dfend zum Zug nach Hamm gebracht. Das Coaching selbst beginnt um 10 Uhr in der Aula der Haupt- und Gesamtschule Gelber Morgen, wo amante w\u00f6chentlich donnerstags von 19 bis 21 Uhr probt. Hier gilt der Dank der Stadt Menden, die die Aula f\u00fcr das Coaching zur Verf\u00fcgung gestellt hat.<\/p>\n<p>\u00dcbrigens: Coachings mit externen Dozenten haben bei amante schon eine lange Tradition. Zahlreiche Mitglieder des Musikausschusses im Chorverband NRW und Fachleute f\u00fcr Stimmbildung oder Pr\u00e4sentation haben bereits mit amante gearbeitet &#8211; genannt seien stellvertretend Prof. Michael Schmoll, Prof. Fritz ter Wey, Dr. Matthias E. Becker, Britta Adams, Volker Buchloh, Brigitte Kockelcke oder Bert Schmitz.<\/p>\n<p>Text: Lars Becker<\/p>\n","protected":false},"excerpt":{"rendered":"<p>Nach dem Jubil\u00e4umskonzert zum 60-j\u00e4hrigen Bestehen des Blasorchesters Menden ist vor dem Coaching mit Carsten Gerlitz: Chorleiter Stefan Risse sowie die S\u00e4ngerinnen und S\u00e4nger von amante della musica menden fiebern dem\u00a0kommenden Sonntag, 19. M\u00e4rz, entgegen. Dann ist der bekannte Pop-Komponist &hellip; <a href=\"https:\/\/www.amante-menden.de\/?p=3284\">Weiterlesen <span class=\"meta-nav\">&rarr;<\/span><\/a><\/p>\n","protected":false},"author":2,"featured_media":0,"comment_status":"closed","ping_status":"closed","sticky":false,"template":"","format":"standard","meta":{"footnotes":""},"categories":[5],"tags":[],"class_list":["post-3284","post","type-post","status-publish","format-standard","hentry","category-aktuelles"],"_links":{"self":[{"href":"https:\/\/www.amante-menden.de\/index.php?rest_route=\/wp\/v2\/posts\/3284","targetHints":{"allow":["GET"]}}],"collection":[{"href":"https:\/\/www.amante-menden.de\/index.php?rest_route=\/wp\/v2\/posts"}],"about":[{"href":"https:\/\/www.amante-menden.de\/index.php?rest_route=\/wp\/v2\/types\/post"}],"author":[{"embeddable":true,"href":"https:\/\/www.amante-menden.de\/index.php?rest_route=\/wp\/v2\/users\/2"}],"replies":[{"embeddable":true,"href":"https:\/\/www.amante-menden.de\/index.php?rest_route=%2Fwp%2Fv2%2Fcomments&post=3284"}],"version-history":[{"count":3,"href":"https:\/\/www.amante-menden.de\/index.php?rest_route=\/wp\/v2\/posts\/3284\/revisions"}],"predecessor-version":[{"id":3288,"href":"https:\/\/www.amante-menden.de\/index.php?rest_route=\/wp\/v2\/posts\/3284\/revisions\/3288"}],"wp:attachment":[{"href":"https:\/\/www.amante-menden.de\/index.php?rest_route=%2Fwp%2Fv2%2Fmedia&parent=3284"}],"wp:term":[{"taxonomy":"category","embeddable":true,"href":"https:\/\/www.amante-menden.de\/index.php?rest_route=%2Fwp%2Fv2%2Fcategories&post=3284"},{"taxonomy":"post_tag","embeddable":true,"href":"https:\/\/www.amante-menden.de\/index.php?rest_route=%2Fwp%2Fv2%2Ftags&post=3284"}],"curies":[{"name":"wp","href":"https:\/\/api.w.org\/{rel}","templated":true}]}}