{"id":3326,"date":"2017-03-22T13:31:56","date_gmt":"2017-03-22T11:31:56","guid":{"rendered":"http:\/\/www.amante-menden.de\/?p=3326"},"modified":"2017-03-22T15:28:36","modified_gmt":"2017-03-22T13:28:36","slug":"carsten-gerlitz-coacht-amante-eine-begeisternde-erfahrung","status":"publish","type":"post","link":"https:\/\/www.amante-menden.de\/?p=3326","title":{"rendered":"Carsten Gerlitz coacht amante: Eine begeisternde Erfahrung"},"content":{"rendered":"<div id=\"attachment_3329\" style=\"width: 650px\" class=\"wp-caption alignnone\"><a href=\"http:\/\/www.amante-menden.de\/wordpress\/wp-content\/uploads\/2017\/03\/gerlitz-Gruppe.jpg\"><img loading=\"lazy\" decoding=\"async\" aria-describedby=\"caption-attachment-3329\" class=\"wp-image-3329 size-large\" src=\"http:\/\/www.amante-menden.de\/wordpress\/wp-content\/uploads\/2017\/03\/gerlitz-Gruppe-e1490184285374-1024x520.jpg\" alt=\"\" width=\"640\" height=\"325\" srcset=\"https:\/\/www.amante-menden.de\/wordpress\/wp-content\/uploads\/2017\/03\/gerlitz-Gruppe-e1490184285374-1024x520.jpg 1024w, https:\/\/www.amante-menden.de\/wordpress\/wp-content\/uploads\/2017\/03\/gerlitz-Gruppe-e1490184285374-300x152.jpg 300w, https:\/\/www.amante-menden.de\/wordpress\/wp-content\/uploads\/2017\/03\/gerlitz-Gruppe-e1490184285374-768x390.jpg 768w, https:\/\/www.amante-menden.de\/wordpress\/wp-content\/uploads\/2017\/03\/gerlitz-Gruppe-e1490184285374.jpg 1273w\" sizes=\"auto, (max-width: 640px) 100vw, 640px\" \/><\/a><p id=\"caption-attachment-3329\" class=\"wp-caption-text\">amante mit Carsten Gerlitz in der Aula am Gelben Morgen. Foto: Tobias Holz<\/p><\/div>\n<p>Stefan Risse, Chorleiter von amante della musica menden, hat &#8222;seine&#8220; S\u00e4ngerinnen und S\u00e4nger am Sonntag, 19. M\u00e4rz 2017, zumindest f\u00fcr die Dauer von f\u00fcnf Stunden in fremde H\u00e4nde gegeben. Und zwar sehr gerne &#8211; n\u00e4mlich in die von Carsten Gerlitz.<\/p>\n<p>Der Pop-Arrangeur und Chorleiter aus Berlin war in Menden zu Gast zu einem Coaching, das sowohl Risse als auch den fast 40 Sopr\u00e4nen, Altistinnen, Ten\u00f6ren und B\u00e4ssen von amante sehr wertvolle Erkenntnisse f\u00fcr die weitere Probearbeit lieferte.<\/p>\n<p>Was unterscheidet den gewollten Sound bei Pop-St\u00fccken von dem bei klassischen Werken? Wie f\u00fchlt ein Ensemble schnell den richtigen Groove? Wie bleibt der Chor stabil im Tempo und in der Intonation? Das waren nur einige der Fragestellungen, an denen Carsten Gerlitz mit amante della musica arbeitete.<\/p>\n<p>Konkret hatte Stefan Risse im Vorfeld mit Gerlitz die Arbeit an drei Pop-Songs vereinbart, die der f\u00fcnffache Meisterchor im Kalenderjahr 2017 neu in sein Repertoire aufgenommen hat und bei diversen Auftritten pr\u00e4sentieren m\u00f6chte. Und so viel sei verraten und ohne \u00dcbertreibung festgehalten: Das Publikum darf sich darauf freuen!<\/p>\n<p>Begonnen hatte der Coaching-Tag p\u00fcnktlich um 10 Uhr mit der Warm-Up-Phase f\u00fcr K\u00f6rper und Stimme, die Carsten Gerlitz mit frischen \u00dcbungen bestritt. So stimmte von Beginn an neben dem Motivationspegel der Aktiven auch die Stimmung: Der Chor arbeitete konzentriert und produktiv, ohne dabei die gute Laune zu verlieren.<\/p>\n<p>W\u00e4hrenddessen tauschte Stefan Risse Stimmgabel und Notenst\u00e4nder gegen Papier und Bleistift, um f\u00fcr sich und die weitere Probearbeit m\u00f6glichst viel von dem festzuhalten, was Gerlitz an konkreten Ideen und Tipps f\u00fcr jedes der drei St\u00fccke formulierte.<\/p>\n<p>Viel zu schnell ging ein begeisternder Probetag zu Ende. Doch so viel steht fest: amante della musica und Carsten Gerlitz werden freundschaftlich verbunden bleiben und sich fr\u00fcher oder sp\u00e4ter wiedersehen. Und wiederh\u00f6ren. Es w\u00e4re keine \u00dcberraschung, wenn der gemischte Chor aus dem Sauerland bald schon weitere Arrangements aus der Feder des Vollblut-Musikers aus der Bundeshauptstadt einstudieren w\u00fcrde&#8230;<\/p>\n<p>Text: Lars Becker \/ Fotos: Tobias Holz<\/p>\n<div id='gallery-1' class='gallery galleryid-3326 gallery-columns-3 gallery-size-thumbnail'><dl class='gallery-item'>\n\t\t\t<dt class='gallery-icon landscape'>\n\t\t\t\t<a href='https:\/\/www.amante-menden.de\/?attachment_id=3333'><img loading=\"lazy\" decoding=\"async\" width=\"150\" height=\"150\" src=\"https:\/\/www.amante-menden.de\/wordpress\/wp-content\/uploads\/2017\/03\/IMG_8795-150x150.jpg\" class=\"attachment-thumbnail size-thumbnail\" alt=\"\" srcset=\"https:\/\/www.amante-menden.de\/wordpress\/wp-content\/uploads\/2017\/03\/IMG_8795-150x150.jpg 150w, https:\/\/www.amante-menden.de\/wordpress\/wp-content\/uploads\/2017\/03\/IMG_8795-144x144.jpg 144w\" sizes=\"auto, (max-width: 150px) 100vw, 150px\" \/><\/a>\n\t\t\t<\/dt><\/dl><dl class='gallery-item'>\n\t\t\t<dt class='gallery-icon landscape'>\n\t\t\t\t<a href='https:\/\/www.amante-menden.de\/?attachment_id=3334'><img loading=\"lazy\" decoding=\"async\" width=\"150\" height=\"150\" src=\"https:\/\/www.amante-menden.de\/wordpress\/wp-content\/uploads\/2017\/03\/IMG_8801-150x150.jpg\" class=\"attachment-thumbnail size-thumbnail\" alt=\"\" srcset=\"https:\/\/www.amante-menden.de\/wordpress\/wp-content\/uploads\/2017\/03\/IMG_8801-150x150.jpg 150w, https:\/\/www.amante-menden.de\/wordpress\/wp-content\/uploads\/2017\/03\/IMG_8801-144x144.jpg 144w\" sizes=\"auto, (max-width: 150px) 100vw, 150px\" \/><\/a>\n\t\t\t<\/dt><\/dl><dl class='gallery-item'>\n\t\t\t<dt class='gallery-icon landscape'>\n\t\t\t\t<a href='https:\/\/www.amante-menden.de\/?attachment_id=3335'><img loading=\"lazy\" decoding=\"async\" width=\"150\" height=\"150\" src=\"https:\/\/www.amante-menden.de\/wordpress\/wp-content\/uploads\/2017\/03\/IMG_8835-150x150.jpg\" class=\"attachment-thumbnail size-thumbnail\" alt=\"\" srcset=\"https:\/\/www.amante-menden.de\/wordpress\/wp-content\/uploads\/2017\/03\/IMG_8835-150x150.jpg 150w, https:\/\/www.amante-menden.de\/wordpress\/wp-content\/uploads\/2017\/03\/IMG_8835-144x144.jpg 144w\" sizes=\"auto, (max-width: 150px) 100vw, 150px\" \/><\/a>\n\t\t\t<\/dt><\/dl><br style=\"clear: both\" \/><dl class='gallery-item'>\n\t\t\t<dt class='gallery-icon landscape'>\n\t\t\t\t<a href='https:\/\/www.amante-menden.de\/?attachment_id=3336'><img loading=\"lazy\" decoding=\"async\" width=\"150\" height=\"150\" src=\"https:\/\/www.amante-menden.de\/wordpress\/wp-content\/uploads\/2017\/03\/IMG_8839-150x150.jpg\" class=\"attachment-thumbnail size-thumbnail\" alt=\"\" srcset=\"https:\/\/www.amante-menden.de\/wordpress\/wp-content\/uploads\/2017\/03\/IMG_8839-150x150.jpg 150w, https:\/\/www.amante-menden.de\/wordpress\/wp-content\/uploads\/2017\/03\/IMG_8839-144x144.jpg 144w\" sizes=\"auto, (max-width: 150px) 100vw, 150px\" \/><\/a>\n\t\t\t<\/dt><\/dl><dl class='gallery-item'>\n\t\t\t<dt class='gallery-icon landscape'>\n\t\t\t\t<a href='https:\/\/www.amante-menden.de\/?attachment_id=3337'><img loading=\"lazy\" decoding=\"async\" width=\"150\" height=\"150\" src=\"https:\/\/www.amante-menden.de\/wordpress\/wp-content\/uploads\/2017\/03\/IMG_8840-150x150.jpg\" class=\"attachment-thumbnail size-thumbnail\" alt=\"\" srcset=\"https:\/\/www.amante-menden.de\/wordpress\/wp-content\/uploads\/2017\/03\/IMG_8840-150x150.jpg 150w, https:\/\/www.amante-menden.de\/wordpress\/wp-content\/uploads\/2017\/03\/IMG_8840-144x144.jpg 144w\" sizes=\"auto, (max-width: 150px) 100vw, 150px\" \/><\/a>\n\t\t\t<\/dt><\/dl>\n\t\t\t<br style='clear: both' \/>\n\t\t<\/div>\n\n<p>&nbsp;<\/p>\n","protected":false},"excerpt":{"rendered":"<p>Stefan Risse, Chorleiter von amante della musica menden, hat &#8222;seine&#8220; S\u00e4ngerinnen und S\u00e4nger am Sonntag, 19. M\u00e4rz 2017, zumindest f\u00fcr die Dauer von f\u00fcnf Stunden in fremde H\u00e4nde gegeben. Und zwar sehr gerne &#8211; n\u00e4mlich in die von Carsten Gerlitz. &hellip; <a href=\"https:\/\/www.amante-menden.de\/?p=3326\">Weiterlesen <span class=\"meta-nav\">&rarr;<\/span><\/a><\/p>\n","protected":false},"author":2,"featured_media":0,"comment_status":"closed","ping_status":"closed","sticky":false,"template":"","format":"standard","meta":{"footnotes":""},"categories":[5],"tags":[],"class_list":["post-3326","post","type-post","status-publish","format-standard","hentry","category-aktuelles"],"_links":{"self":[{"href":"https:\/\/www.amante-menden.de\/index.php?rest_route=\/wp\/v2\/posts\/3326","targetHints":{"allow":["GET"]}}],"collection":[{"href":"https:\/\/www.amante-menden.de\/index.php?rest_route=\/wp\/v2\/posts"}],"about":[{"href":"https:\/\/www.amante-menden.de\/index.php?rest_route=\/wp\/v2\/types\/post"}],"author":[{"embeddable":true,"href":"https:\/\/www.amante-menden.de\/index.php?rest_route=\/wp\/v2\/users\/2"}],"replies":[{"embeddable":true,"href":"https:\/\/www.amante-menden.de\/index.php?rest_route=%2Fwp%2Fv2%2Fcomments&post=3326"}],"version-history":[{"count":6,"href":"https:\/\/www.amante-menden.de\/index.php?rest_route=\/wp\/v2\/posts\/3326\/revisions"}],"predecessor-version":[{"id":3339,"href":"https:\/\/www.amante-menden.de\/index.php?rest_route=\/wp\/v2\/posts\/3326\/revisions\/3339"}],"wp:attachment":[{"href":"https:\/\/www.amante-menden.de\/index.php?rest_route=%2Fwp%2Fv2%2Fmedia&parent=3326"}],"wp:term":[{"taxonomy":"category","embeddable":true,"href":"https:\/\/www.amante-menden.de\/index.php?rest_route=%2Fwp%2Fv2%2Fcategories&post=3326"},{"taxonomy":"post_tag","embeddable":true,"href":"https:\/\/www.amante-menden.de\/index.php?rest_route=%2Fwp%2Fv2%2Ftags&post=3326"}],"curies":[{"name":"wp","href":"https:\/\/api.w.org\/{rel}","templated":true}]}}