{"id":3354,"date":"2017-05-08T19:54:12","date_gmt":"2017-05-08T17:54:12","guid":{"rendered":"http:\/\/www.amante-menden.de\/?p=3354"},"modified":"2017-05-08T19:55:16","modified_gmt":"2017-05-08T17:55:16","slug":"benefizkonzert-in-boesperde-amante-singt-fuer-die-gute-sache","status":"publish","type":"post","link":"https:\/\/www.amante-menden.de\/?p=3354","title":{"rendered":"Benefizkonzert in B\u00f6sperde: amante singt f\u00fcr die gute Sache"},"content":{"rendered":"<p>amante della musica menden stellt sich nicht nur allj\u00e4hrlich am 3. Oktober in den Dienst der guten Sache, <a href=\"http:\/\/www.amante-menden.de\/?page_id=1352\">wenn am Tag der deutschen Einheit das eigene Benefizkonzert auf der Wilhelmsh\u00f6he stattfindet<\/a>. Am Samstag, 13. Mai, singt der f\u00fcnffache Meisterchor in der Sch\u00fctzenhalle B\u00f6sperde aus Anlass des 100-j\u00e4hrigen Bestehens der kfd B\u00f6sperde &#8211; und zwar gemeinsam mit dem Rodenbergchor Menden.<\/p>\n<div id=\"attachment_3355\" style=\"width: 650px\" class=\"wp-caption alignnone\"><a href=\"http:\/\/www.amante-menden.de\/wordpress\/wp-content\/uploads\/2017\/05\/IMG_1984.jpg\"><img loading=\"lazy\" decoding=\"async\" aria-describedby=\"caption-attachment-3355\" class=\"wp-image-3355 size-large\" src=\"http:\/\/www.amante-menden.de\/wordpress\/wp-content\/uploads\/2017\/05\/IMG_1984-1024x678.jpg\" alt=\"\" width=\"640\" height=\"424\" srcset=\"https:\/\/www.amante-menden.de\/wordpress\/wp-content\/uploads\/2017\/05\/IMG_1984-1024x678.jpg 1024w, https:\/\/www.amante-menden.de\/wordpress\/wp-content\/uploads\/2017\/05\/IMG_1984-300x199.jpg 300w, https:\/\/www.amante-menden.de\/wordpress\/wp-content\/uploads\/2017\/05\/IMG_1984-768x509.jpg 768w\" sizes=\"auto, (max-width: 640px) 100vw, 640px\" \/><\/a><p id=\"caption-attachment-3355\" class=\"wp-caption-text\">amante singt am 13. Mai in B\u00f6sperde. Foto: Xenia Kehnen \/ Xenias Atelier &#8211; Fotografien<\/p><\/div>\n<p>Und\u00a0auch hier profitieren drei Mendener Vereine vom Auftritt: amante singt wie der Rodenbergchor ohne Gage, so dass sich der\u00a0Verein f\u00fcr k\u00f6rper- und mehrfachbehinderte Menschen (VKM), der Sozialdienst katholischer Frauen (SKF) und die Caritas B\u00f6sperde auf\u00a0Spenden in stattlicher H\u00f6he freuen d\u00fcrfen.<\/p>\n<p>Sie erhalten den kompletten Erl\u00f6s aus dem Verkauf der Eintrittskarten zum Preis von 10,00 Euro, die es auch noch an der Abendkasse geben wird, wenngleich der Vorverkauf in den drei Kundencentern der Mendener Bank, in der Buchhandlung Daub, \u00fcber die kfd selbst und die Ch\u00f6re sehr, sehr erfreulich gelaufen ist.<\/p>\n<p align=\"justify\"><a href=\"http:\/\/www.amante-menden.de\/wordpress\/wp-content\/uploads\/2017\/02\/IMG_1395-e1486653833869.jpg\"><img loading=\"lazy\" decoding=\"async\" class=\"alignnone wp-image-3256 size-large\" src=\"http:\/\/www.amante-menden.de\/wordpress\/wp-content\/uploads\/2017\/02\/IMG_1395-e1486653833869-768x1024.jpg\" alt=\"\" width=\"640\" height=\"853\" srcset=\"https:\/\/www.amante-menden.de\/wordpress\/wp-content\/uploads\/2017\/02\/IMG_1395-e1486653833869-768x1024.jpg 768w, https:\/\/www.amante-menden.de\/wordpress\/wp-content\/uploads\/2017\/02\/IMG_1395-e1486653833869-225x300.jpg 225w\" sizes=\"auto, (max-width: 640px) 100vw, 640px\" \/><\/a><\/p>\n<p align=\"justify\">Die Damen des Rodenbergchores Menden werden unter der Regie ihres langj\u00e4hrigen Chorleiters Volker M\u00fcsch beispielsweise den ewig jungen Udo-J\u00fcrgens-Schlager \u201eIch war noch niemals in New York\u201c aus dem Jahr 1982 sowie \u201eWochenend und Sonnenschein\u201c aus der Feder der Comedian Harmonists pr\u00e4sentieren. Dazu kommen viele bekannte internationale Ohrw\u00fcrmer wie die beiden Abba-Hits \u201eMamma Mia\u201c (1975) und \u201eThank you for the music\u201c (1977).<\/p>\n<p align=\"justify\">Bei amante della musica wird Vizechorleiterin Andrea Ferber f\u00fcr den privat verhinderten Stefan Risse den Ton angeben. Der f\u00fcnffache Meisterchor hat sich ebenfalls f\u00fcr einen Querschnitt seines Repertoires entschieden: Volkslieder (u.a. \u201eAls wir j\u00fcngst in Regensburg waren\u201c oder \u201eHab mein Wagen vollgeladen\u201c) und Pop-Songs (\u201eHungriges Herz\u201c) gibt es zu h\u00f6ren, dazu Gospels und viele weitere bekannte Melodien.<\/p>\n<p align=\"justify\">Und nat\u00fcrlich werden es sich die beiden beliebten heimischen Ch\u00f6re nicht nehmen lassen, ihr Publikum nach dem etwa zweist\u00fcndigen Konzert gemeinsam in den Abend zu entlassen.<\/p>\n","protected":false},"excerpt":{"rendered":"<p>amante della musica menden stellt sich nicht nur allj\u00e4hrlich am 3. Oktober in den Dienst der guten Sache, wenn am Tag der deutschen Einheit das eigene Benefizkonzert auf der Wilhelmsh\u00f6he stattfindet. Am Samstag, 13. Mai, singt der f\u00fcnffache Meisterchor in &hellip; <a href=\"https:\/\/www.amante-menden.de\/?p=3354\">Weiterlesen <span class=\"meta-nav\">&rarr;<\/span><\/a><\/p>\n","protected":false},"author":2,"featured_media":0,"comment_status":"closed","ping_status":"closed","sticky":false,"template":"","format":"standard","meta":{"footnotes":""},"categories":[5],"tags":[],"class_list":["post-3354","post","type-post","status-publish","format-standard","hentry","category-aktuelles"],"_links":{"self":[{"href":"https:\/\/www.amante-menden.de\/index.php?rest_route=\/wp\/v2\/posts\/3354","targetHints":{"allow":["GET"]}}],"collection":[{"href":"https:\/\/www.amante-menden.de\/index.php?rest_route=\/wp\/v2\/posts"}],"about":[{"href":"https:\/\/www.amante-menden.de\/index.php?rest_route=\/wp\/v2\/types\/post"}],"author":[{"embeddable":true,"href":"https:\/\/www.amante-menden.de\/index.php?rest_route=\/wp\/v2\/users\/2"}],"replies":[{"embeddable":true,"href":"https:\/\/www.amante-menden.de\/index.php?rest_route=%2Fwp%2Fv2%2Fcomments&post=3354"}],"version-history":[{"count":2,"href":"https:\/\/www.amante-menden.de\/index.php?rest_route=\/wp\/v2\/posts\/3354\/revisions"}],"predecessor-version":[{"id":3357,"href":"https:\/\/www.amante-menden.de\/index.php?rest_route=\/wp\/v2\/posts\/3354\/revisions\/3357"}],"wp:attachment":[{"href":"https:\/\/www.amante-menden.de\/index.php?rest_route=%2Fwp%2Fv2%2Fmedia&parent=3354"}],"wp:term":[{"taxonomy":"category","embeddable":true,"href":"https:\/\/www.amante-menden.de\/index.php?rest_route=%2Fwp%2Fv2%2Fcategories&post=3354"},{"taxonomy":"post_tag","embeddable":true,"href":"https:\/\/www.amante-menden.de\/index.php?rest_route=%2Fwp%2Fv2%2Ftags&post=3354"}],"curies":[{"name":"wp","href":"https:\/\/api.w.org\/{rel}","templated":true}]}}