{"id":3393,"date":"2017-07-07T21:39:43","date_gmt":"2017-07-07T19:39:43","guid":{"rendered":"http:\/\/www.amante-menden.de\/?p=3393"},"modified":"2017-07-07T21:40:32","modified_gmt":"2017-07-07T19:40:32","slug":"amante-singt-bei-der-verabschiedung-von-klaus-dieter-knecht","status":"publish","type":"post","link":"https:\/\/www.amante-menden.de\/?p=3393","title":{"rendered":"amante singt bei der Verabschiedung von Klaus-Dieter Knecht"},"content":{"rendered":"<div id=\"attachment_3394\" style=\"width: 650px\" class=\"wp-caption alignnone\"><a href=\"http:\/\/www.amante-menden.de\/wordpress\/wp-content\/uploads\/2017\/07\/FullSizeRender.jpg\"><img loading=\"lazy\" decoding=\"async\" aria-describedby=\"caption-attachment-3394\" class=\"wp-image-3394 size-large\" src=\"http:\/\/www.amante-menden.de\/wordpress\/wp-content\/uploads\/2017\/07\/FullSizeRender-1024x860.jpg\" alt=\"\" width=\"640\" height=\"538\" srcset=\"https:\/\/www.amante-menden.de\/wordpress\/wp-content\/uploads\/2017\/07\/FullSizeRender-1024x860.jpg 1024w, https:\/\/www.amante-menden.de\/wordpress\/wp-content\/uploads\/2017\/07\/FullSizeRender-300x252.jpg 300w, https:\/\/www.amante-menden.de\/wordpress\/wp-content\/uploads\/2017\/07\/FullSizeRender-768x645.jpg 768w\" sizes=\"auto, (max-width: 640px) 100vw, 640px\" \/><\/a><p id=\"caption-attachment-3394\" class=\"wp-caption-text\">Der 1. Vorsitzende Lars Becker (links) und der 2. Vorsitzende Thorsten G\u00fcnner nahmen Klaus-Dieter Knecht nach der Feierstunde zu dessen Verabschiedung in den Ruhestand zum Erinnerungsfoto in die Mitte.<\/p><\/div>\n<p>Die Mendener Bank, langj\u00e4hriger Hauptsponsor von amante della musica menden, hat am Freitag, 7. Juli 2017, ihren Vorstand Klaus-Dieter Knecht in den Ruhestand verabschiedet.<\/p>\n<p>Im Casino des Partyservice Rother am Papenbusch in Menden waren rund 80 geladene G\u00e4ste aus Bankenwesen, heimischer Wirtschaft, Politik, Verwaltung und Gesellschaft zu einer Feierstunde zusammengekommen.<\/p>\n<p><a href=\"http:\/\/www.amante-menden.de\/wordpress\/wp-content\/uploads\/2017\/07\/image1-2.jpg\"><img loading=\"lazy\" decoding=\"async\" class=\"alignnone size-medium wp-image-3395\" src=\"http:\/\/www.amante-menden.de\/wordpress\/wp-content\/uploads\/2017\/07\/image1-2-187x300.jpg\" alt=\"\" width=\"187\" height=\"300\" srcset=\"https:\/\/www.amante-menden.de\/wordpress\/wp-content\/uploads\/2017\/07\/image1-2-187x300.jpg 187w, https:\/\/www.amante-menden.de\/wordpress\/wp-content\/uploads\/2017\/07\/image1-2-768x1230.jpg 768w, https:\/\/www.amante-menden.de\/wordpress\/wp-content\/uploads\/2017\/07\/image1-2-639x1024.jpg 639w, https:\/\/www.amante-menden.de\/wordpress\/wp-content\/uploads\/2017\/07\/image1-2.jpg 2037w\" sizes=\"auto, (max-width: 187px) 100vw, 187px\" \/><\/a><\/p>\n<p>Mit einer 19-k\u00f6pfigen Ensemble-Besetzung gestaltete amante della musica den musikalischen Rahmen der Veranstaltung &#8211; diesmal unter der Leitung von Anja Rose, Sopranistin aus den Reihen des heimischen Meisterchores, die den schulisch verhinderten Chorleiter Stefan Risse erstmals mit Bravour vertrat.<\/p>\n<p>Zur Er\u00f6ffnung sangen die S\u00e4ngerinnen und S\u00e4nger &#8222;Have a nice day&#8220; von Lorenz Maierhofer, ehe mit Rainer Scholand der Aufsichtsratsvorsitzende der Mendener Bank die G\u00e4ste willkommen hie\u00df &#8211; allen voran Klaus-Dieter Knecht.<\/p>\n<p><a href=\"http:\/\/www.amante-menden.de\/wordpress\/wp-content\/uploads\/2017\/07\/image2-2.jpg\"><img loading=\"lazy\" decoding=\"async\" class=\"alignnone size-medium wp-image-3397\" src=\"http:\/\/www.amante-menden.de\/wordpress\/wp-content\/uploads\/2017\/07\/image2-2-225x300.jpg\" alt=\"\" width=\"225\" height=\"300\" srcset=\"https:\/\/www.amante-menden.de\/wordpress\/wp-content\/uploads\/2017\/07\/image2-2-225x300.jpg 225w, https:\/\/www.amante-menden.de\/wordpress\/wp-content\/uploads\/2017\/07\/image2-2-768x1024.jpg 768w\" sizes=\"auto, (max-width: 225px) 100vw, 225px\" \/><\/a><\/p>\n<p>Nach Gru\u00dfworten von Ludger Beyer (Betriebsratsvorsitzender Mendener Bank) und Sebastian Arlt (1. Beigeordneter der Stadt Menden) pr\u00e4sentierte amante della musica das Volkslied &#8222;Hab mein Wage vollgelade&#8220; im modernen Gewand von Heinz Lemmermann.<\/p>\n<p>Es folgten der gemeinsame Festvortrag von Vorstand Ulrich Hackl und Rainer Scholand sowie ein Gru\u00dfwort von Carsten Waldhelm vom Genossenschaftsverband, ehe der &#8222;Pension\u00e4r in sp\u00e9&#8220; Klaus-Dieter Knecht selbst Dankesworte an seine G\u00e4ste richtete.<\/p>\n<p>amante della musica war es dann vorbehalten, mit dem &#8222;Hungrigen Herz&#8220; von Scala (Kolacny-Brothers) &#8211; seit vielen Jahren die Erkennungsmelodie des Genossenschaftsverbandes &#8211; den Schlusspunkt zu setzen.<\/p>\n<p>Und mit diesem Song schloss sich quasi auch ein Kreis. Denn zur Verabschiedung von Mendener-Bank-Vorstand Peter Schmidt im Jahr 2011 hatte Thomas P\u00e4tzold, Leiter Marketing und Vertrieb, den Satz von &#8222;Hungriges Herz&#8220; beschafft, damit amante diesen ebenfalls im Rahmen einer Feierstunde vortragen konnte.<\/p>\n<p><a href=\"http:\/\/www.amante-menden.de\/wordpress\/wp-content\/uploads\/2017\/07\/image2.jpg\"><img loading=\"lazy\" decoding=\"async\" class=\"alignnone size-medium wp-image-3398\" src=\"http:\/\/www.amante-menden.de\/wordpress\/wp-content\/uploads\/2017\/07\/image2-300x169.jpg\" alt=\"\" width=\"300\" height=\"169\" srcset=\"https:\/\/www.amante-menden.de\/wordpress\/wp-content\/uploads\/2017\/07\/image2-300x169.jpg 300w, https:\/\/www.amante-menden.de\/wordpress\/wp-content\/uploads\/2017\/07\/image2-768x432.jpg 768w, https:\/\/www.amante-menden.de\/wordpress\/wp-content\/uploads\/2017\/07\/image2-1024x576.jpg 1024w, https:\/\/www.amante-menden.de\/wordpress\/wp-content\/uploads\/2017\/07\/image2.jpg 1280w\" sizes=\"auto, (max-width: 300px) 100vw, 300px\" \/><\/a><\/p>\n<p>Parallel zum letzten Lied flimmerte eine Pr\u00e4sentation mit Stationen aus dem Leben von Klaus-Dieter Knecht \u00fcber den gro\u00dfen Bildschirm, der zwischen den M\u00e4nner- und Frauenstimmen von amante hing. Es war der emotionale H\u00f6hepunkt, der den scheidenden Vorstand zu Tr\u00e4nen r\u00fchrte.<\/p>\n<p><a href=\"http:\/\/www.amante-menden.de\/wordpress\/wp-content\/uploads\/2017\/07\/image3.jpg\"><img loading=\"lazy\" decoding=\"async\" class=\"alignnone size-medium wp-image-3399\" src=\"http:\/\/www.amante-menden.de\/wordpress\/wp-content\/uploads\/2017\/07\/image3-300x169.jpg\" alt=\"\" width=\"300\" height=\"169\" srcset=\"https:\/\/www.amante-menden.de\/wordpress\/wp-content\/uploads\/2017\/07\/image3-300x169.jpg 300w, https:\/\/www.amante-menden.de\/wordpress\/wp-content\/uploads\/2017\/07\/image3-768x432.jpg 768w, https:\/\/www.amante-menden.de\/wordpress\/wp-content\/uploads\/2017\/07\/image3-1024x576.jpg 1024w, https:\/\/www.amante-menden.de\/wordpress\/wp-content\/uploads\/2017\/07\/image3.jpg 1280w\" sizes=\"auto, (max-width: 300px) 100vw, 300px\" \/><\/a><\/p>\n<p>Klaus-Dieter Knecht ist seit vielen Jahren bekennender F\u00f6rderer und immer treuer Zuh\u00f6rer, wenn amante zu Konzerten einl\u00e4dt. Der Chor w\u00fcnscht ihm f\u00fcr seine Zeit im Ruhestand viel Gesundheit, Frohsinn und Zeit f\u00fcr alles das, was er sich vorgenommen hat.<\/p>\n","protected":false},"excerpt":{"rendered":"<p>Die Mendener Bank, langj\u00e4hriger Hauptsponsor von amante della musica menden, hat am Freitag, 7. Juli 2017, ihren Vorstand Klaus-Dieter Knecht in den Ruhestand verabschiedet. Im Casino des Partyservice Rother am Papenbusch in Menden waren rund 80 geladene G\u00e4ste aus Bankenwesen, &hellip; <a href=\"https:\/\/www.amante-menden.de\/?p=3393\">Weiterlesen <span class=\"meta-nav\">&rarr;<\/span><\/a><\/p>\n","protected":false},"author":2,"featured_media":0,"comment_status":"closed","ping_status":"closed","sticky":false,"template":"","format":"standard","meta":{"footnotes":""},"categories":[5],"tags":[],"class_list":["post-3393","post","type-post","status-publish","format-standard","hentry","category-aktuelles"],"_links":{"self":[{"href":"https:\/\/www.amante-menden.de\/index.php?rest_route=\/wp\/v2\/posts\/3393","targetHints":{"allow":["GET"]}}],"collection":[{"href":"https:\/\/www.amante-menden.de\/index.php?rest_route=\/wp\/v2\/posts"}],"about":[{"href":"https:\/\/www.amante-menden.de\/index.php?rest_route=\/wp\/v2\/types\/post"}],"author":[{"embeddable":true,"href":"https:\/\/www.amante-menden.de\/index.php?rest_route=\/wp\/v2\/users\/2"}],"replies":[{"embeddable":true,"href":"https:\/\/www.amante-menden.de\/index.php?rest_route=%2Fwp%2Fv2%2Fcomments&post=3393"}],"version-history":[{"count":1,"href":"https:\/\/www.amante-menden.de\/index.php?rest_route=\/wp\/v2\/posts\/3393\/revisions"}],"predecessor-version":[{"id":3401,"href":"https:\/\/www.amante-menden.de\/index.php?rest_route=\/wp\/v2\/posts\/3393\/revisions\/3401"}],"wp:attachment":[{"href":"https:\/\/www.amante-menden.de\/index.php?rest_route=%2Fwp%2Fv2%2Fmedia&parent=3393"}],"wp:term":[{"taxonomy":"category","embeddable":true,"href":"https:\/\/www.amante-menden.de\/index.php?rest_route=%2Fwp%2Fv2%2Fcategories&post=3393"},{"taxonomy":"post_tag","embeddable":true,"href":"https:\/\/www.amante-menden.de\/index.php?rest_route=%2Fwp%2Fv2%2Ftags&post=3393"}],"curies":[{"name":"wp","href":"https:\/\/api.w.org\/{rel}","templated":true}]}}