{"id":3532,"date":"2017-10-04T14:07:18","date_gmt":"2017-10-04T12:07:18","guid":{"rendered":"http:\/\/www.amante-menden.de\/?p=3532"},"modified":"2017-10-04T14:16:54","modified_gmt":"2017-10-04T12:16:54","slug":"das-war-die-vierte-auflage-des-benefizkonzertes-am-3-oktober","status":"publish","type":"post","link":"https:\/\/www.amante-menden.de\/?p=3532","title":{"rendered":"Das war die vierte Auflage des Benefizkonzertes am 3. Oktober"},"content":{"rendered":"<p>&nbsp;<\/p>\n<div id=\"attachment_3520\" style=\"width: 650px\" class=\"wp-caption alignnone\"><a href=\"http:\/\/www.amante-menden.de\/wordpress\/wp-content\/uploads\/2015\/11\/IMG_8804.jpg\"><img loading=\"lazy\" decoding=\"async\" aria-describedby=\"caption-attachment-3520\" class=\"wp-image-3520 size-large\" src=\"http:\/\/www.amante-menden.de\/wordpress\/wp-content\/uploads\/2015\/11\/IMG_8804-1024x682.jpg\" alt=\"\" width=\"640\" height=\"426\" srcset=\"https:\/\/www.amante-menden.de\/wordpress\/wp-content\/uploads\/2015\/11\/IMG_8804-1024x682.jpg 1024w, https:\/\/www.amante-menden.de\/wordpress\/wp-content\/uploads\/2015\/11\/IMG_8804-300x200.jpg 300w, https:\/\/www.amante-menden.de\/wordpress\/wp-content\/uploads\/2015\/11\/IMG_8804-768x512.jpg 768w, https:\/\/www.amante-menden.de\/wordpress\/wp-content\/uploads\/2015\/11\/IMG_8804.jpg 1280w\" sizes=\"auto, (max-width: 640px) 100vw, 640px\" \/><\/a><p id=\"caption-attachment-3520\" class=\"wp-caption-text\">&#8222;I&#8217;m a train&#8220;: Der Zug f\u00e4hrt am Mendener Hauptbahnhof ein. Mit diesem St\u00fcck endete offiziell das Benefizkonzert zum Tag der deutschen Einheit 2017.<\/p><\/div>\n<p>Am Dienstag, 3. Oktober 2017, hat amante della musica menden zum vierten Mal seit 2014 das <a href=\"http:\/\/www.amante-menden.de\/?page_id=1352\">Benefizkonzert zum Tag der deutschen Einheit auf der Wilhelmsh\u00f6he in Menden<\/a> durchgef\u00fchrt. Vom 570-k\u00f6pfigen Publikum gefeierte Mitwirkende waren die Mendener Band &#8222;Good Wood&#8220; und der Kabarettist Martin F. Risse aus dem Ensemble des Dortmunder Geierabends.<\/p>\n<p>Die musikalische Gesamtleitung lag in den bew\u00e4hrten H\u00e4nden von <strong>Stefan Risse<\/strong>, der seinen Chor mit viel Liebe zum Detail und Konzentration auf das Konzert vorbereitet hatte. So pr\u00e4sentierte der 5-fache Meisterchor 15 Titel &#8211; allesamt auswendig, viele mit choreographischen Elementen gew\u00fcrzt.<\/p>\n<div id=\"attachment_3518\" style=\"width: 650px\" class=\"wp-caption alignnone\"><a href=\"http:\/\/www.amante-menden.de\/wordpress\/wp-content\/uploads\/2015\/11\/IMG_8802.jpg\"><img loading=\"lazy\" decoding=\"async\" aria-describedby=\"caption-attachment-3518\" class=\"wp-image-3518 size-large\" src=\"http:\/\/www.amante-menden.de\/wordpress\/wp-content\/uploads\/2015\/11\/IMG_8802-1024x682.jpg\" alt=\"\" width=\"640\" height=\"426\" srcset=\"https:\/\/www.amante-menden.de\/wordpress\/wp-content\/uploads\/2015\/11\/IMG_8802-1024x682.jpg 1024w, https:\/\/www.amante-menden.de\/wordpress\/wp-content\/uploads\/2015\/11\/IMG_8802-300x200.jpg 300w, https:\/\/www.amante-menden.de\/wordpress\/wp-content\/uploads\/2015\/11\/IMG_8802-768x512.jpg 768w, https:\/\/www.amante-menden.de\/wordpress\/wp-content\/uploads\/2015\/11\/IMG_8802.jpg 1280w\" sizes=\"auto, (max-width: 640px) 100vw, 640px\" \/><\/a><p id=\"caption-attachment-3518\" class=\"wp-caption-text\">&#8222;I can&#8217;t live without you&#8220; &#8211; &#8222;Ich kann ohne dich nicht leben&#8220;: Das sang amante und pointierte das St\u00fcck bei den letzten drei T\u00f6nen zeitgem\u00e4\u00df mit einem verliebten Blick aufs eigene Smartphone.<\/p><\/div>\n<p>Highlights waren sicher &#8222;Engel&#8220; von Rammstein, &#8222;Short people&#8220; oder &#8222;I&#8217;m a train&#8220; von Albert Hammond, wobei aber auch Volkslieder aus Deutschland und Afrika nicht zu kurz kamen.<\/p>\n<div id=\"attachment_3522\" style=\"width: 310px\" class=\"wp-caption alignnone\"><a href=\"http:\/\/www.amante-menden.de\/wordpress\/wp-content\/uploads\/2015\/11\/IMG_8806.jpg\"><img loading=\"lazy\" decoding=\"async\" aria-describedby=\"caption-attachment-3522\" class=\"wp-image-3522 size-medium\" src=\"http:\/\/www.amante-menden.de\/wordpress\/wp-content\/uploads\/2015\/11\/IMG_8806-300x200.jpg\" alt=\"\" width=\"300\" height=\"200\" srcset=\"https:\/\/www.amante-menden.de\/wordpress\/wp-content\/uploads\/2015\/11\/IMG_8806-300x200.jpg 300w, https:\/\/www.amante-menden.de\/wordpress\/wp-content\/uploads\/2015\/11\/IMG_8806-768x512.jpg 768w, https:\/\/www.amante-menden.de\/wordpress\/wp-content\/uploads\/2015\/11\/IMG_8806-1024x682.jpg 1024w, https:\/\/www.amante-menden.de\/wordpress\/wp-content\/uploads\/2015\/11\/IMG_8806.jpg 1280w\" sizes=\"auto, (max-width: 300px) 100vw, 300px\" \/><\/a><p id=\"caption-attachment-3522\" class=\"wp-caption-text\">&#8222;Good Wood&#8220; &#8211; hier G\u00fcnter Spancken und Nadine M\u00fcller &#8211; begeisterte das Publikum mit Songs der neuen CD &#8222;Waiting for the silence&#8220;.<\/p><\/div>\n<p>Die Mendener <strong>Band &#8222;Good Wood&#8220;<\/strong> spielte in der Besetzung Nadine M\u00fcller (Gesang), Anja Hommel (Geige), G\u00fcnter Spancken (Bass), Wilfried Pieper (Piano) und Tobias Hommel (Gesang\/Gitarre\/Schlagzeug) vor allem Titel der neuen CD &#8222;Waiting for the silence&#8220; und landete damit einen Volltreffer beim aufmerksamen Publikum.<\/p>\n<div id=\"attachment_3521\" style=\"width: 310px\" class=\"wp-caption alignnone\"><a href=\"http:\/\/www.amante-menden.de\/wordpress\/wp-content\/uploads\/2015\/11\/IMG_8805.jpg\"><img loading=\"lazy\" decoding=\"async\" aria-describedby=\"caption-attachment-3521\" class=\"wp-image-3521 size-medium\" src=\"http:\/\/www.amante-menden.de\/wordpress\/wp-content\/uploads\/2015\/11\/IMG_8805-300x200.jpg\" alt=\"\" width=\"300\" height=\"200\" srcset=\"https:\/\/www.amante-menden.de\/wordpress\/wp-content\/uploads\/2015\/11\/IMG_8805-300x200.jpg 300w, https:\/\/www.amante-menden.de\/wordpress\/wp-content\/uploads\/2015\/11\/IMG_8805-768x512.jpg 768w, https:\/\/www.amante-menden.de\/wordpress\/wp-content\/uploads\/2015\/11\/IMG_8805-1024x682.jpg 1024w, https:\/\/www.amante-menden.de\/wordpress\/wp-content\/uploads\/2015\/11\/IMG_8805.jpg 1280w\" sizes=\"auto, (max-width: 300px) 100vw, 300px\" \/><\/a><p id=\"caption-attachment-3521\" class=\"wp-caption-text\">Martin F. Risse nahm das Publikum mit nach Schn\u00f6ttentrop. Eine Strapaze f\u00fcr die Lachmuskeln&#8230;<\/p><\/div>\n<p><strong>Martin F. Risse<\/strong> entf\u00fchrte das Publikum gekonnt ins sauerl\u00e4ndische Phantasie-D\u00f6rfchen Schn\u00f6ttentrop. Seine Episoden aus der Dorfkneipe &#8222;G\u00fcllest\u00fcbchen&#8220;, \u00fcber den schielenden Eugen, die katholischen Landfrauen und den Fu\u00dfballverein Partizan Schn\u00f6ttentrop strapazierten die Lachmuskeln.<\/p>\n<div id=\"attachment_3519\" style=\"width: 310px\" class=\"wp-caption alignnone\"><a href=\"http:\/\/www.amante-menden.de\/wordpress\/wp-content\/uploads\/2015\/11\/IMG_8803.jpg\"><img loading=\"lazy\" decoding=\"async\" aria-describedby=\"caption-attachment-3519\" class=\"wp-image-3519 size-medium\" src=\"http:\/\/www.amante-menden.de\/wordpress\/wp-content\/uploads\/2015\/11\/IMG_8803-300x200.jpg\" alt=\"\" width=\"300\" height=\"200\" srcset=\"https:\/\/www.amante-menden.de\/wordpress\/wp-content\/uploads\/2015\/11\/IMG_8803-300x200.jpg 300w, https:\/\/www.amante-menden.de\/wordpress\/wp-content\/uploads\/2015\/11\/IMG_8803-768x512.jpg 768w, https:\/\/www.amante-menden.de\/wordpress\/wp-content\/uploads\/2015\/11\/IMG_8803-1024x682.jpg 1024w, https:\/\/www.amante-menden.de\/wordpress\/wp-content\/uploads\/2015\/11\/IMG_8803.jpg 1280w\" sizes=\"auto, (max-width: 300px) 100vw, 300px\" \/><\/a><p id=\"caption-attachment-3519\" class=\"wp-caption-text\">&#8222;Short people&#8220; mit amante.<\/p><\/div>\n<p>Vor der Pause \u00fcberreichte amante die schon traditionellen Spendenschecks an drei Vereine und Institutionen \u00fcber jeweils 1.000 Euro: Der 2. Vorsitzende <strong>Thorsten G\u00fcnner<\/strong> bedachte den F\u00f6rderverein der Musikschule Menden, die Stiftung Evangelische Jugendhilfe Menden und den Verein betreutes und therapeutisches Reiten Iserlohn mit der vierstelligen Summe.<\/p>\n<div id=\"attachment_3515\" style=\"width: 650px\" class=\"wp-caption alignnone\"><a href=\"http:\/\/www.amante-menden.de\/wordpress\/wp-content\/uploads\/2015\/11\/IMG_8799.jpg\"><img loading=\"lazy\" decoding=\"async\" aria-describedby=\"caption-attachment-3515\" class=\"wp-image-3515 size-large\" src=\"http:\/\/www.amante-menden.de\/wordpress\/wp-content\/uploads\/2015\/11\/IMG_8799-1024x682.jpg\" alt=\"\" width=\"640\" height=\"426\" srcset=\"https:\/\/www.amante-menden.de\/wordpress\/wp-content\/uploads\/2015\/11\/IMG_8799-1024x682.jpg 1024w, https:\/\/www.amante-menden.de\/wordpress\/wp-content\/uploads\/2015\/11\/IMG_8799-300x200.jpg 300w, https:\/\/www.amante-menden.de\/wordpress\/wp-content\/uploads\/2015\/11\/IMG_8799-768x512.jpg 768w, https:\/\/www.amante-menden.de\/wordpress\/wp-content\/uploads\/2015\/11\/IMG_8799.jpg 1280w\" sizes=\"auto, (max-width: 640px) 100vw, 640px\" \/><\/a><p id=\"caption-attachment-3515\" class=\"wp-caption-text\">Mit &#8222;Hit the road, Jack&#8220; er\u00f6ffneten amante und Good Wood fulminant das Konzert.<\/p><\/div>\n<p>Der Vorsitzende <strong>Lars Becker<\/strong> hatte die knapp 600 G\u00e4ste willkommen gehei\u00dfen &#8211; unter ihnen <strong>Landrat Thomas Gemke<\/strong> mit Frau, die <strong>Bundestagsabgeordnete Dagmar Freitag<\/strong>, die <strong>stellvertretende Mendener B\u00fcrgermeisterin Brigitta Erdem<\/strong> mit Mann sowie Vertreter der Sponsoren von amante della musica menden.<\/p>\n<p>Bew\u00e4hrter Partner f\u00fcr Lichttechnik, Beamer und Leinwand war die Schwerter Firma <strong>&#8222;Mainmix on stage&#8220;<\/strong>. F\u00fcrs Catering &#8211; auch der Vip-G\u00e4ste auf der Empore der Wilhelmsh\u00f6he &#8211; sorgte wieder das Unternehmen <strong>Hasecker Catering<\/strong>.<\/p>\n<p>Nach rund drei Stunden inklusive 30-min\u00fctiger Pause ging das Konzert zu Ende. Mit lang anhaltendem Beifall der Besucher.<\/p>\n<p><strong>amante della musica menden sagt:<\/strong><\/p>\n<p><em>Danke <span class=\"highlightNode\">Menden<\/span> &#8211; f\u00fcr einen gro\u00dfartigen Konzertabend, den wir noch lange in bester Erinnerung behalten werden.<\/em><\/p>\n<p><em>570 G\u00e4ste, drei verdiente Empf\u00e4nger von jeweils 1000 \u20ac, tolle Mitwirkende (Good Wood und Martin Risse), starke Partner (Mainmix on Stage, Hasecker Catering), treue und neue Sponsoren waren die Zutaten zu diesem 4. Benefizkonzert auf der Wilhelmsh\u00f6he.<\/em><\/p>\n<p><em>Es war uns eine Ehre und Verpflichtung f\u00fcr die Zukunft zugleich.<\/em><\/p>\n<div class=\"text_exposed_show\">\n<p><em>Danke f\u00fcr die super Fotos an Xenia Kehnen!<\/em><\/p>\n<\/div>\n","protected":false},"excerpt":{"rendered":"<p>&nbsp; Am Dienstag, 3. Oktober 2017, hat amante della musica menden zum vierten Mal seit 2014 das Benefizkonzert zum Tag der deutschen Einheit auf der Wilhelmsh\u00f6he in Menden durchgef\u00fchrt. Vom 570-k\u00f6pfigen Publikum gefeierte Mitwirkende waren die Mendener Band &#8222;Good Wood&#8220; &hellip; <a href=\"https:\/\/www.amante-menden.de\/?p=3532\">Weiterlesen <span class=\"meta-nav\">&rarr;<\/span><\/a><\/p>\n","protected":false},"author":2,"featured_media":0,"comment_status":"closed","ping_status":"closed","sticky":false,"template":"","format":"standard","meta":{"footnotes":""},"categories":[5],"tags":[],"class_list":["post-3532","post","type-post","status-publish","format-standard","hentry","category-aktuelles"],"_links":{"self":[{"href":"https:\/\/www.amante-menden.de\/index.php?rest_route=\/wp\/v2\/posts\/3532","targetHints":{"allow":["GET"]}}],"collection":[{"href":"https:\/\/www.amante-menden.de\/index.php?rest_route=\/wp\/v2\/posts"}],"about":[{"href":"https:\/\/www.amante-menden.de\/index.php?rest_route=\/wp\/v2\/types\/post"}],"author":[{"embeddable":true,"href":"https:\/\/www.amante-menden.de\/index.php?rest_route=\/wp\/v2\/users\/2"}],"replies":[{"embeddable":true,"href":"https:\/\/www.amante-menden.de\/index.php?rest_route=%2Fwp%2Fv2%2Fcomments&post=3532"}],"version-history":[{"count":3,"href":"https:\/\/www.amante-menden.de\/index.php?rest_route=\/wp\/v2\/posts\/3532\/revisions"}],"predecessor-version":[{"id":3535,"href":"https:\/\/www.amante-menden.de\/index.php?rest_route=\/wp\/v2\/posts\/3532\/revisions\/3535"}],"wp:attachment":[{"href":"https:\/\/www.amante-menden.de\/index.php?rest_route=%2Fwp%2Fv2%2Fmedia&parent=3532"}],"wp:term":[{"taxonomy":"category","embeddable":true,"href":"https:\/\/www.amante-menden.de\/index.php?rest_route=%2Fwp%2Fv2%2Fcategories&post=3532"},{"taxonomy":"post_tag","embeddable":true,"href":"https:\/\/www.amante-menden.de\/index.php?rest_route=%2Fwp%2Fv2%2Ftags&post=3532"}],"curies":[{"name":"wp","href":"https:\/\/api.w.org\/{rel}","templated":true}]}}