{"id":3553,"date":"2017-12-08T13:05:18","date_gmt":"2017-12-08T11:05:18","guid":{"rendered":"http:\/\/www.amante-menden.de\/?p=3553"},"modified":"2017-12-08T13:05:18","modified_gmt":"2017-12-08T11:05:18","slug":"amante-singt-fuer-die-gewoge-senioren","status":"publish","type":"post","link":"https:\/\/www.amante-menden.de\/?p=3553","title":{"rendered":"amante singt f\u00fcr die Gewoge-Senioren"},"content":{"rendered":"<div id=\"attachment_3555\" style=\"width: 958px\" class=\"wp-caption alignnone\"><a href=\"http:\/\/www.amante-menden.de\/wordpress\/wp-content\/uploads\/2017\/12\/2017_2.jpg\"><img loading=\"lazy\" decoding=\"async\" aria-describedby=\"caption-attachment-3555\" class=\"wp-image-3555 size-full\" src=\"http:\/\/www.amante-menden.de\/wordpress\/wp-content\/uploads\/2017\/12\/2017_2-e1512730894690.jpg\" alt=\"\" width=\"948\" height=\"535\" srcset=\"https:\/\/www.amante-menden.de\/wordpress\/wp-content\/uploads\/2017\/12\/2017_2-e1512730894690.jpg 948w, https:\/\/www.amante-menden.de\/wordpress\/wp-content\/uploads\/2017\/12\/2017_2-e1512730894690-300x169.jpg 300w, https:\/\/www.amante-menden.de\/wordpress\/wp-content\/uploads\/2017\/12\/2017_2-e1512730894690-768x433.jpg 768w\" sizes=\"auto, (max-width: 948px) 100vw, 948px\" \/><\/a><p id=\"caption-attachment-3555\" class=\"wp-caption-text\">Gewoge-Gesch\u00e4ftsf\u00fchrer Steffen Krippenstapel hie\u00df amante willkommen und verabschiedete die S\u00e4ngerinnen und S\u00e4nger sowie Chorleiter Stefan Risse nach dem Auftritt.<\/p><\/div>\n<p>Wie schon im Vorjahr durften die S\u00e4ngerinnen und S\u00e4nger von amante della musica menden am Donnerstag, 7. Dezember 2017, die traditionelle Weihnachtsfeier der Gewoge-Senioren in Lendringsen musikalisch beschlie\u00dfen.<\/p>\n<p><a href=\"http:\/\/www.amante-menden.de\/wordpress\/wp-content\/uploads\/2017\/12\/2017_4.jpg\"><img loading=\"lazy\" decoding=\"async\" class=\"alignnone size-medium wp-image-3557\" src=\"http:\/\/www.amante-menden.de\/wordpress\/wp-content\/uploads\/2017\/12\/2017_4-300x225.jpg\" alt=\"\" width=\"300\" height=\"225\" srcset=\"https:\/\/www.amante-menden.de\/wordpress\/wp-content\/uploads\/2017\/12\/2017_4-300x225.jpg 300w, https:\/\/www.amante-menden.de\/wordpress\/wp-content\/uploads\/2017\/12\/2017_4-768x576.jpg 768w, https:\/\/www.amante-menden.de\/wordpress\/wp-content\/uploads\/2017\/12\/2017_4.jpg 960w\" sizes=\"auto, (max-width: 300px) 100vw, 300px\" \/><\/a><\/p>\n<p>Es hat wieder gro\u00dfe Freude gemacht, die leuchtenden Bewohnerinnen und Bewohner sowie weiterer G\u00e4ste zu erleben. Vielen Dank f\u00fcr die Einladung und die gro\u00dfartige Unterst\u00fctzung in 2017 an Gewoge-Gesch\u00e4ftsf\u00fchrer Steffen Krippenstapel sowie an Yvonne Wolgast-Rademacher aus dem Marketing der Gewoge.<\/p>\n<p><a href=\"http:\/\/www.amante-menden.de\/wordpress\/wp-content\/uploads\/2017\/12\/2017_3.jpg\"><img loading=\"lazy\" decoding=\"async\" class=\"alignnone size-medium wp-image-3556\" src=\"http:\/\/www.amante-menden.de\/wordpress\/wp-content\/uploads\/2017\/12\/2017_3-225x300.jpg\" alt=\"\" width=\"225\" height=\"300\" srcset=\"https:\/\/www.amante-menden.de\/wordpress\/wp-content\/uploads\/2017\/12\/2017_3-225x300.jpg 225w, https:\/\/www.amante-menden.de\/wordpress\/wp-content\/uploads\/2017\/12\/2017_3.jpg 720w\" sizes=\"auto, (max-width: 225px) 100vw, 225px\" \/><\/a><\/p>\n<p>Unter der Leitung von Stefan Risse sang der f\u00fcnffache Meisterchor Volkslieder und weihnachtliche Weisen. Gemeinsame Lieder mit den G\u00e4sten durft<span class=\"text_exposed_show\">en nat\u00fcrlich nicht fehlen. \u201eO du fr\u00f6hliche\u201c und \u201eIhr Kinderlein kommet\u201c erschallten aus mehr als 120 Kehlen. Zwischendurch trug Tobias Holz humorvolle Weihnachts-Anekdoten vor, Stefan Risse moderierte die Liedvortr\u00e4ge an.<\/span><\/p>\n<p>Lars Becker war es vorbehalten, den Senioren der Gewoge abschlie\u00dfend eine sch\u00f6ne Advents- und Weihnachtszeit sowie f\u00fcrs neue Jahr vor allem Gesundheit zu w\u00fcnschen. Als Dankesch\u00f6n bekamen alle Aktiven von der Gewoge s\u00fc\u00dfe K\u00f6stlichkeiten \u00fcberreicht und lie\u00dfen den Abend im Foyer des Seniorenzentrums bei Getr\u00e4nken ausklingen, ehe es f\u00fcr einige noch weiterging zum &#8222;Mendener Winter&#8220; in die Innenstadt.<\/p>\n<div class=\"text_exposed_show\">\n<p>Auf Wiedersehen in Lendringsen sp\u00e4testens im Dezember 2018!\u00a0Fotos (4) und Text: Lars Becker<\/p>\n<p><a href=\"http:\/\/www.amante-menden.de\/wordpress\/wp-content\/uploads\/2017\/12\/2017_1.jpg\"><img loading=\"lazy\" decoding=\"async\" class=\"alignnone wp-image-3554 size-full\" src=\"http:\/\/www.amante-menden.de\/wordpress\/wp-content\/uploads\/2017\/12\/2017_1.jpg\" alt=\"\" width=\"465\" height=\"960\" srcset=\"https:\/\/www.amante-menden.de\/wordpress\/wp-content\/uploads\/2017\/12\/2017_1.jpg 465w, https:\/\/www.amante-menden.de\/wordpress\/wp-content\/uploads\/2017\/12\/2017_1-145x300.jpg 145w\" sizes=\"auto, (max-width: 465px) 100vw, 465px\" \/><\/a><\/p>\n<\/div>\n","protected":false},"excerpt":{"rendered":"<p>Wie schon im Vorjahr durften die S\u00e4ngerinnen und S\u00e4nger von amante della musica menden am Donnerstag, 7. Dezember 2017, die traditionelle Weihnachtsfeier der Gewoge-Senioren in Lendringsen musikalisch beschlie\u00dfen. Es hat wieder gro\u00dfe Freude gemacht, die leuchtenden Bewohnerinnen und Bewohner sowie &hellip; <a href=\"https:\/\/www.amante-menden.de\/?p=3553\">Weiterlesen <span class=\"meta-nav\">&rarr;<\/span><\/a><\/p>\n","protected":false},"author":2,"featured_media":0,"comment_status":"closed","ping_status":"closed","sticky":false,"template":"","format":"standard","meta":{"footnotes":""},"categories":[5],"tags":[],"class_list":["post-3553","post","type-post","status-publish","format-standard","hentry","category-aktuelles"],"_links":{"self":[{"href":"https:\/\/www.amante-menden.de\/index.php?rest_route=\/wp\/v2\/posts\/3553","targetHints":{"allow":["GET"]}}],"collection":[{"href":"https:\/\/www.amante-menden.de\/index.php?rest_route=\/wp\/v2\/posts"}],"about":[{"href":"https:\/\/www.amante-menden.de\/index.php?rest_route=\/wp\/v2\/types\/post"}],"author":[{"embeddable":true,"href":"https:\/\/www.amante-menden.de\/index.php?rest_route=\/wp\/v2\/users\/2"}],"replies":[{"embeddable":true,"href":"https:\/\/www.amante-menden.de\/index.php?rest_route=%2Fwp%2Fv2%2Fcomments&post=3553"}],"version-history":[{"count":1,"href":"https:\/\/www.amante-menden.de\/index.php?rest_route=\/wp\/v2\/posts\/3553\/revisions"}],"predecessor-version":[{"id":3558,"href":"https:\/\/www.amante-menden.de\/index.php?rest_route=\/wp\/v2\/posts\/3553\/revisions\/3558"}],"wp:attachment":[{"href":"https:\/\/www.amante-menden.de\/index.php?rest_route=%2Fwp%2Fv2%2Fmedia&parent=3553"}],"wp:term":[{"taxonomy":"category","embeddable":true,"href":"https:\/\/www.amante-menden.de\/index.php?rest_route=%2Fwp%2Fv2%2Fcategories&post=3553"},{"taxonomy":"post_tag","embeddable":true,"href":"https:\/\/www.amante-menden.de\/index.php?rest_route=%2Fwp%2Fv2%2Ftags&post=3553"}],"curies":[{"name":"wp","href":"https:\/\/api.w.org\/{rel}","templated":true}]}}