{"id":4023,"date":"2019-09-09T11:47:59","date_gmt":"2019-09-09T09:47:59","guid":{"rendered":"http:\/\/www.amante-menden.de\/?p=4023"},"modified":"2019-09-09T11:47:59","modified_gmt":"2019-09-09T09:47:59","slug":"vorfreude-aufs-zweite-gastspiel-des-lpo-nrw","status":"publish","type":"post","link":"https:\/\/www.amante-menden.de\/?p=4023","title":{"rendered":"Vorfreude aufs zweite Gastspiel des LPO NRW"},"content":{"rendered":"\n<p>Menden. Per Telefon und E-Mail hatten sie sich schon \u201ebeschnuppert\u201c, jetzt haben sie sich  endlich auch pers\u00f6nlich kennengelernt: Stefan Risse, Chorleiter von amante della musica menden und Scott Lawton, Dirigent des Landespolizeiorchesters Nordrhein-Westfalen haben auf der Wilhelmsh\u00f6he das Programm f\u00fcr das <a href=\"http:\/\/www.amante-menden.de\/?page_id=1352\">6. Benefizkonzert von amante am Tag der deutschen Einheit<\/a> festgelegt.<\/p>\n\n\n\n<figure class=\"wp-block-image\"><img loading=\"lazy\" decoding=\"async\" width=\"1024\" height=\"502\" src=\"http:\/\/www.amante-menden.de\/wordpress\/wp-content\/uploads\/2019\/09\/IMG_5238-1024x502.jpg\" alt=\"\" class=\"wp-image-4020\" srcset=\"https:\/\/www.amante-menden.de\/wordpress\/wp-content\/uploads\/2019\/09\/IMG_5238-1024x502.jpg 1024w, https:\/\/www.amante-menden.de\/wordpress\/wp-content\/uploads\/2019\/09\/IMG_5238-300x147.jpg 300w, https:\/\/www.amante-menden.de\/wordpress\/wp-content\/uploads\/2019\/09\/IMG_5238-768x376.jpg 768w\" sizes=\"auto, (max-width: 1024px) 100vw, 1024px\" \/><figcaption> Die musikalischen Leiter legen gemeinsam Hand am Plakat f\u00fcr den 3. Oktober an: Scott Lawton (links), US-amerikanischer Dirigent des Landespolizeiorchesters Nordrhein-Westfalen und Stefan Risse, Chorleiter von amante della musica menden. Lawton traf sich erst auf der Wilhelmsh\u00f6he mit Risse und dem amante-Vorstand, besuchte anschlie\u00dfend den Chor in dessen Probe am Gelben Morgen. <\/figcaption><\/figure>\n\n\n\n<p>Freuen\nd\u00fcrfen sich alle Besucher am Donnerstag, 3. Oktober ab 17 Uhr auf\nviele popul\u00e4re Melodien, die von 40 S\u00e4ngerinnen und S\u00e4nger sowie\nvon knapp 30 Instrumentalisten pr\u00e4sentiert werden. Nat\u00fcrlich werden\nbeide Klangk\u00f6rper auch gemeinsam musizieren.<\/p>\n\n\n\n<p>\u201eIch bin mir absolut sicher, dass die G\u00e4ste bei sehr, sehr vielen Liedern unseres Orchesters, aber auch des Chores fr\u00f6hlich mitsummen werden. Das wird ein gro\u00dfartiger Konzertabend! Ich freue mich wirklich sehr, nach acht Jahren wieder einmal auf der Wilhelmsh\u00f6he spielen zu k\u00f6nnen \u2013 ein fantastischer Saal mit einzigartiger Atmosph\u00e4re\u201c, betonte Scott Lawton r\u00fcckblickend auf das erste gemeinsame Konzert im Januar 2011.<\/p>\n\n\n\n<figure class=\"wp-block-image\"><img loading=\"lazy\" decoding=\"async\" width=\"683\" height=\"1024\" src=\"http:\/\/www.amante-menden.de\/wordpress\/wp-content\/uploads\/2019\/09\/scott_lawton-683x1024.jpg\" alt=\"\" class=\"wp-image-4022\" srcset=\"https:\/\/www.amante-menden.de\/wordpress\/wp-content\/uploads\/2019\/09\/scott_lawton-683x1024.jpg 683w, https:\/\/www.amante-menden.de\/wordpress\/wp-content\/uploads\/2019\/09\/scott_lawton-200x300.jpg 200w, https:\/\/www.amante-menden.de\/wordpress\/wp-content\/uploads\/2019\/09\/scott_lawton-768x1152.jpg 768w, https:\/\/www.amante-menden.de\/wordpress\/wp-content\/uploads\/2019\/09\/scott_lawton.jpg 2000w\" sizes=\"auto, (max-width: 683px) 100vw, 683px\" \/><figcaption>Scott Lawton in der Polizei-Uniform. Foto: Jochen Tack<\/figcaption><\/figure>\n\n\n\n<p>Damals\nhatte amante della musica das \u201eLPO\u201c zum Auftakt der\nFeierlichkeiten zum 25-j\u00e4hrigen Bestehen verpflichtet. Das erneute\nEngagement des Landespolizeiorchesters erm\u00f6glichte jetzt auch\nLandrat Thomas Gemke, der sofort bereit war, die Schirmherrschaft f\u00fcr\ndie Veranstaltung zu \u00fcbernehmen.<\/p>\n\n\n\n<p>Der\nUS-Amerikaner Scott Lawton, der in Dortmund lebt, ist nicht nur seit\nvielen Jahren Dirigent des Landespolizeiorchesters\nNordrhein-Westfalen, das in Wuppertal zuhause ist. Er schwingt\nau\u00dferdem den Taktstock als st\u00e4ndiger Gastdirigent beim durch\nzahllose TV-Auftritte (z.B. Jos\u00e9-Carreras-Gala in der ARD) bekannten\nDeutschen Filmorchester Babelsberg. Das leitete er\nhauptverantwortlich von 1999 bis 2007.<\/p>\n\n\n\n<p>\u201eWir\nsind sehr gl\u00fccklich, dass wir Scott Lawton und das\nLandespolizeiorchester ein zweites Mal f\u00fcr uns gewinnen konnten. So\nkurz nach unserem sechsten Meisterchor-Titel ist dieses Orchesters\nder perfekte Partner f\u00fcr unser Benefizkonzert. Wir selbst sind\nhochmotiviert, diesen Profis musikalisch in nichts nachzustehen\u201c,\nsagt amante-Chorleiter Stefan Risse.<\/p>\n\n\n\n<p>Der hatte seine S\u00e4ngerinnen und S\u00e4nger f\u00fcr den Feinschliff am Konzertprogramm zuletzt f\u00fcr drei Tage ins Probewochenende nach Altastenberg gebeten.<\/p>\n\n\n\n<figure class=\"wp-block-image\"><img loading=\"lazy\" decoding=\"async\" width=\"1024\" height=\"718\" src=\"http:\/\/www.amante-menden.de\/wordpress\/wp-content\/uploads\/2019\/09\/Orchester_Treppe-1024x718.jpg\" alt=\"\" class=\"wp-image-4021\" srcset=\"https:\/\/www.amante-menden.de\/wordpress\/wp-content\/uploads\/2019\/09\/Orchester_Treppe-1024x718.jpg 1024w, https:\/\/www.amante-menden.de\/wordpress\/wp-content\/uploads\/2019\/09\/Orchester_Treppe-300x210.jpg 300w, https:\/\/www.amante-menden.de\/wordpress\/wp-content\/uploads\/2019\/09\/Orchester_Treppe-768x538.jpg 768w, https:\/\/www.amante-menden.de\/wordpress\/wp-content\/uploads\/2019\/09\/Orchester_Treppe.jpg 1123w\" sizes=\"auto, (max-width: 1024px) 100vw, 1024px\" \/><figcaption>Das Landespolizeiorchester Nordrhein-Westfalen, das in Wuppertal zuhause ist, kommt zum zweiten Mal nach 2011 auf die Wilhelmsh\u00f6he nach Menden.<\/figcaption><\/figure>\n\n\n\n<p>Im\nErgebnis erklingt nun am 3. Oktober von Chor und Orchester eine\nMischung aus Volksliedern, M\u00e4rschen im modernen Big-Band-Gewand,\nPop-Songs und Filmhits.<\/p>\n\n\n\n<p>Etwas mehr als 100 nummerierte Karten sind im Vorverkauf noch erh\u00e4ltlich. Sie k\u00f6nnen bei Petra Nagel per Telefon (63388) oder E-Mail (<a href=\"mailto:karten@amante-menden.de\">karten@amante-menden.de<\/a>) bestellt werden, Karten f\u00fcr den Mittelblock gibt es au\u00dferdem auch noch in der Buchhandlung Daub. <a href=\"http:\/\/www.amante-menden.de\/?page_id=1352\">Der aktuelle Saalplan ist hier einzusehen<\/a>, Petra Nagel ber\u00e4t aber alle Interessierten gerne auch am Telefon.<\/p>\n\n\n\n<figure class=\"wp-block-image\"><img loading=\"lazy\" decoding=\"async\" width=\"667\" height=\"937\" src=\"http:\/\/www.amante-menden.de\/wordpress\/wp-content\/uploads\/2019\/06\/plakat2019-1.jpg\" alt=\"\" class=\"wp-image-3968\" srcset=\"https:\/\/www.amante-menden.de\/wordpress\/wp-content\/uploads\/2019\/06\/plakat2019-1.jpg 667w, https:\/\/www.amante-menden.de\/wordpress\/wp-content\/uploads\/2019\/06\/plakat2019-1-214x300.jpg 214w\" sizes=\"auto, (max-width: 667px) 100vw, 667px\" \/><\/figure>\n\n\n\n<p>Im\nEintrittspreis von 18 Euro (erm\u00e4\u00dfigt 13 Euro f\u00fcr Schwerberhinderte\nund Jugendliche bis 16 Jahren) ist wie bei den ersten f\u00fcnf Auflagen\nauch bereits ab 16 Uhr ein Sektempfang inklusive.<\/p>\n\n\n\n<p>amante\ndella musica menden spendet erneut jeweils 1000 Euro an drei Vereine\naus Menden. \u201eIn diesem Jahr haben wir uns f\u00fcr den Verein f\u00fcr\nk\u00f6rper- und mehrfachbehinderte Menschen VKM, den F\u00f6rderverein der\nAlbert-Schweitzer-Grundschule Lahrfeld und den F\u00f6rderverein Scriptum\nder Stadtb\u00fccherei entschieden. Damit stocken wir unsere\nGesamtspendensumme seit 2014 auf 18.000 Euro auf \u2013 ein Ergebnis,\nauf das wir sehr stolz sind\u201c, so amante-Vorsitzender Lars Becker.<\/p>\n","protected":false},"excerpt":{"rendered":"<p>Menden. Per Telefon und E-Mail hatten sie sich schon \u201ebeschnuppert\u201c, jetzt haben sie sich endlich auch pers\u00f6nlich kennengelernt: Stefan Risse, Chorleiter von amante della musica menden und Scott Lawton, Dirigent des Landespolizeiorchesters Nordrhein-Westfalen haben auf der Wilhelmsh\u00f6he das Programm f\u00fcr &hellip; <a href=\"https:\/\/www.amante-menden.de\/?p=4023\">Weiterlesen <span class=\"meta-nav\">&rarr;<\/span><\/a><\/p>\n","protected":false},"author":2,"featured_media":0,"comment_status":"closed","ping_status":"closed","sticky":false,"template":"","format":"standard","meta":{"footnotes":""},"categories":[5],"tags":[],"class_list":["post-4023","post","type-post","status-publish","format-standard","hentry","category-aktuelles"],"_links":{"self":[{"href":"https:\/\/www.amante-menden.de\/index.php?rest_route=\/wp\/v2\/posts\/4023","targetHints":{"allow":["GET"]}}],"collection":[{"href":"https:\/\/www.amante-menden.de\/index.php?rest_route=\/wp\/v2\/posts"}],"about":[{"href":"https:\/\/www.amante-menden.de\/index.php?rest_route=\/wp\/v2\/types\/post"}],"author":[{"embeddable":true,"href":"https:\/\/www.amante-menden.de\/index.php?rest_route=\/wp\/v2\/users\/2"}],"replies":[{"embeddable":true,"href":"https:\/\/www.amante-menden.de\/index.php?rest_route=%2Fwp%2Fv2%2Fcomments&post=4023"}],"version-history":[{"count":1,"href":"https:\/\/www.amante-menden.de\/index.php?rest_route=\/wp\/v2\/posts\/4023\/revisions"}],"predecessor-version":[{"id":4024,"href":"https:\/\/www.amante-menden.de\/index.php?rest_route=\/wp\/v2\/posts\/4023\/revisions\/4024"}],"wp:attachment":[{"href":"https:\/\/www.amante-menden.de\/index.php?rest_route=%2Fwp%2Fv2%2Fmedia&parent=4023"}],"wp:term":[{"taxonomy":"category","embeddable":true,"href":"https:\/\/www.amante-menden.de\/index.php?rest_route=%2Fwp%2Fv2%2Fcategories&post=4023"},{"taxonomy":"post_tag","embeddable":true,"href":"https:\/\/www.amante-menden.de\/index.php?rest_route=%2Fwp%2Fv2%2Ftags&post=4023"}],"curies":[{"name":"wp","href":"https:\/\/api.w.org\/{rel}","templated":true}]}}