{"id":4515,"date":"2022-11-07T17:01:26","date_gmt":"2022-11-07T15:01:26","guid":{"rendered":"https:\/\/www.amante-menden.de\/?p=4515"},"modified":"2022-11-07T17:01:26","modified_gmt":"2022-11-07T15:01:26","slug":"benefizkonzert-amante-friends-uebertrifft-alle-erwartungen","status":"publish","type":"post","link":"https:\/\/www.amante-menden.de\/?p=4515","title":{"rendered":"Benefizkonzert &#8222;amante &#038; friends&#8220; \u00fcbertrifft alle Erwartungen"},"content":{"rendered":"\n<figure class=\"wp-block-image size-large\"><a href=\"https:\/\/www.amante-menden.de\/wordpress\/wp-content\/uploads\/2022\/11\/Chor-b-scaled.jpg\"><img loading=\"lazy\" decoding=\"async\" width=\"1024\" height=\"430\" src=\"https:\/\/www.amante-menden.de\/wordpress\/wp-content\/uploads\/2022\/11\/Chor-b-1024x430.jpg\" alt=\"\" class=\"wp-image-4517\" srcset=\"https:\/\/www.amante-menden.de\/wordpress\/wp-content\/uploads\/2022\/11\/Chor-b-1024x430.jpg 1024w, https:\/\/www.amante-menden.de\/wordpress\/wp-content\/uploads\/2022\/11\/Chor-b-300x126.jpg 300w, https:\/\/www.amante-menden.de\/wordpress\/wp-content\/uploads\/2022\/11\/Chor-b-768x322.jpg 768w, https:\/\/www.amante-menden.de\/wordpress\/wp-content\/uploads\/2022\/11\/Chor-b-1536x645.jpg 1536w, https:\/\/www.amante-menden.de\/wordpress\/wp-content\/uploads\/2022\/11\/Chor-b-2048x860.jpg 2048w\" sizes=\"auto, (max-width: 1024px) 100vw, 1024px\" \/><\/a><\/figure>\n\n\n\n<p>Aus 90 Kehlen schallt es laut wie fr\u00f6hlich: \u201eViva, viva la musica\u201c &#8211; lang lebe die Musik. Mehr als 50 M\u00e4dchen und Jungen des Projektchores der Albert-Schweitzer-Grundschule singen mit den Frauen und M\u00e4nnern von amante della musica menden. Die instrumentale Unterst\u00fctzung kommt vom Bl\u00e4ser-Quartett \u201eHellweg Blech\u201c. Amante-Chorleiter Stefan Risse animiert die fast 500 Besucherinnen und Besucher zum Mitsingen. Die lassen sich nicht lange bitten und werden am Sonntag im Kanon Teil des gro\u00dfen Finales des Benefizkonzertes auf der Wilhelmsh\u00f6he.<\/p>\n\n\n\n<p>Der Abend \u00fcbertrifft alle Erwartungen von Gastgeber amante: Der Saal ist ausverkauft, die Programm-Mischung aus jungem und routiniertem Chorgesang sowie anspruchsvollen Instrumentalst\u00fccken rei\u00dft die Zuh\u00f6rer immer wieder zu Beifallsst\u00fcrmen hin. Ausgefeilte Lichttechnik schafft bei jedem Lied eine andere stimmungsvolle Atmosph\u00e4re.<\/p>\n\n\n\n<p>Dabei punktet der Kinderchor \u2013 dirigiert von Daniela Steudle und am Klavier begleitet von Silke Gerstberger \u2013 nicht nur durch seine unbek\u00fcmmerte Art. Die Grundsch\u00fcler pr\u00e4sentieren mit dem \u201eGiraffenlied\u201c, dem \u201eZebra-Song\u201c und \u201eTuishi pamoja\u201c Ausz\u00fcge aus dem gleichnamigen Musical, das sie im Mai 2023 auf der Wilhelmsh\u00f6he bringen wollen. Sie betonen aber in \u201eMusik ist eine Sprache\u201c und \u201eLichterkinder\u201c auch die Kraft der Musik, mehr denn je verbindende Br\u00fccke zwischen Menschen und ganzen L\u00e4ndern zu sein. Einige Solistinnen gl\u00e4nzen am Mikrofon ebenso wie der gro\u00dfe Chor \u2013 die Freude am Singen ist den Kleinen ins Gesicht geschrieben.<\/p>\n\n\n\n<figure class=\"wp-block-image size-large\"><a href=\"https:\/\/www.amante-menden.de\/wordpress\/wp-content\/uploads\/2022\/11\/HellwegBlechb-scaled.jpg\"><img loading=\"lazy\" decoding=\"async\" width=\"1024\" height=\"768\" src=\"https:\/\/www.amante-menden.de\/wordpress\/wp-content\/uploads\/2022\/11\/HellwegBlechb-1024x768.jpg\" alt=\"\" class=\"wp-image-4518\" srcset=\"https:\/\/www.amante-menden.de\/wordpress\/wp-content\/uploads\/2022\/11\/HellwegBlechb-1024x768.jpg 1024w, https:\/\/www.amante-menden.de\/wordpress\/wp-content\/uploads\/2022\/11\/HellwegBlechb-300x225.jpg 300w, https:\/\/www.amante-menden.de\/wordpress\/wp-content\/uploads\/2022\/11\/HellwegBlechb-768x576.jpg 768w, https:\/\/www.amante-menden.de\/wordpress\/wp-content\/uploads\/2022\/11\/HellwegBlechb-1536x1152.jpg 1536w, https:\/\/www.amante-menden.de\/wordpress\/wp-content\/uploads\/2022\/11\/HellwegBlechb-2048x1535.jpg 2048w\" sizes=\"auto, (max-width: 1024px) 100vw, 1024px\" \/><\/a><\/figure>\n\n\n\n<p>Alexander Haneke, Jens Stefan, Konrad S\u00fcmmermann und Niklas Wehmeyer, die das Quartett \u201eHellweg Blech\u201c bilden, nehmen das Publikum mit auf eine Reise durch New York, begeistern aber genauso mit einem Hit-Medley aus den 1980er Jahren oder \u201eFly me to the moon\u201c. Bei den Herren im schwarzen Anzug mit Fliege sitzt jeder Ton \u2013 ein furioser instrumentaler Kontrapunkt zum Chorgesang.<\/p>\n\n\n\n<p>Nach langer corona-bedingter B\u00fchnen-Abstinenz hat sich amante della musica f\u00fcr eine Mischung aus beliebten Titeln des Repertoires (\u201eSchl\u00e4ft ein Lied in allen Dingen\u201c) und neuen St\u00fccken (\u201eDr\u00fcck die 1\u201c, \u201eSo soll es bleiben\u201c) entschieden, f\u00fcr Volkslieder (\u201eGuten Abend, gut Nacht\u201c, \u201eDer Mond ist aufgegangen\u201c), englisch-sprachige Pop-Songs (\u201eRolling in the deep\u201c, \u201eSweet dreams\u201c) und echte Evergreens (\u201eMusic\u201c von John Miles).<\/p>\n\n\n\n<figure class=\"wp-block-image size-large\"><a href=\"http:\/\/www.amante-menden.de\/wordpress\/wp-content\/uploads\/2022\/11\/IMG_5175_skaliert-scaled.jpg\"><img loading=\"lazy\" decoding=\"async\" width=\"1024\" height=\"683\" src=\"http:\/\/www.amante-menden.de\/wordpress\/wp-content\/uploads\/2022\/11\/IMG_5175_skaliert-1024x683.jpg\" alt=\"\" class=\"wp-image-4513\" srcset=\"https:\/\/www.amante-menden.de\/wordpress\/wp-content\/uploads\/2022\/11\/IMG_5175_skaliert-1024x683.jpg 1024w, https:\/\/www.amante-menden.de\/wordpress\/wp-content\/uploads\/2022\/11\/IMG_5175_skaliert-300x200.jpg 300w, https:\/\/www.amante-menden.de\/wordpress\/wp-content\/uploads\/2022\/11\/IMG_5175_skaliert-768x512.jpg 768w, https:\/\/www.amante-menden.de\/wordpress\/wp-content\/uploads\/2022\/11\/IMG_5175_skaliert-1536x1024.jpg 1536w, https:\/\/www.amante-menden.de\/wordpress\/wp-content\/uploads\/2022\/11\/IMG_5175_skaliert-2048x1365.jpg 2048w\" sizes=\"auto, (max-width: 1024px) 100vw, 1024px\" \/><\/a><\/figure>\n\n\n\n<p>F\u00fcr den Meisterchor \u00fcberreicht Vorsitzender Thorsten G\u00fcnner zusammen mit seinem Stellvertreter Matthias Nagel Spendenschecks \u00fcber jeweils 1000 Euro an den SKFM (De-Cent-Laden) und das Naturschutzzentrum Arche Noah. Genauso gro\u00df ist die Freude beim Kinderchor \u00fcber die kleinen Pr\u00e4sente von amante nach dem Konzertfinale mit dem \u201eViva, viva la musica\u201c: Alle bekommen Goldmedaillen mit einer Erinnerungsgravur an den 30. Oktober und eine s\u00fc\u00dfe \u00dcberraschung \u00fcberreicht.<\/p>\n","protected":false},"excerpt":{"rendered":"<p>Aus 90 Kehlen schallt es laut wie fr\u00f6hlich: \u201eViva, viva la musica\u201c &#8211; lang lebe die Musik. Mehr als 50 M\u00e4dchen und Jungen des Projektchores der Albert-Schweitzer-Grundschule singen mit den Frauen und M\u00e4nnern von amante della musica menden. Die instrumentale &hellip; <a href=\"https:\/\/www.amante-menden.de\/?p=4515\">Weiterlesen <span class=\"meta-nav\">&rarr;<\/span><\/a><\/p>\n","protected":false},"author":3,"featured_media":0,"comment_status":"closed","ping_status":"closed","sticky":false,"template":"","format":"standard","meta":{"footnotes":""},"categories":[5],"tags":[],"class_list":["post-4515","post","type-post","status-publish","format-standard","hentry","category-aktuelles"],"_links":{"self":[{"href":"https:\/\/www.amante-menden.de\/index.php?rest_route=\/wp\/v2\/posts\/4515","targetHints":{"allow":["GET"]}}],"collection":[{"href":"https:\/\/www.amante-menden.de\/index.php?rest_route=\/wp\/v2\/posts"}],"about":[{"href":"https:\/\/www.amante-menden.de\/index.php?rest_route=\/wp\/v2\/types\/post"}],"author":[{"embeddable":true,"href":"https:\/\/www.amante-menden.de\/index.php?rest_route=\/wp\/v2\/users\/3"}],"replies":[{"embeddable":true,"href":"https:\/\/www.amante-menden.de\/index.php?rest_route=%2Fwp%2Fv2%2Fcomments&post=4515"}],"version-history":[{"count":1,"href":"https:\/\/www.amante-menden.de\/index.php?rest_route=\/wp\/v2\/posts\/4515\/revisions"}],"predecessor-version":[{"id":4519,"href":"https:\/\/www.amante-menden.de\/index.php?rest_route=\/wp\/v2\/posts\/4515\/revisions\/4519"}],"wp:attachment":[{"href":"https:\/\/www.amante-menden.de\/index.php?rest_route=%2Fwp%2Fv2%2Fmedia&parent=4515"}],"wp:term":[{"taxonomy":"category","embeddable":true,"href":"https:\/\/www.amante-menden.de\/index.php?rest_route=%2Fwp%2Fv2%2Fcategories&post=4515"},{"taxonomy":"post_tag","embeddable":true,"href":"https:\/\/www.amante-menden.de\/index.php?rest_route=%2Fwp%2Fv2%2Ftags&post=4515"}],"curies":[{"name":"wp","href":"https:\/\/api.w.org\/{rel}","templated":true}]}}