{"id":5021,"date":"2025-01-26T22:19:36","date_gmt":"2025-01-26T20:19:36","guid":{"rendered":"https:\/\/www.amante-menden.de\/?p=5021"},"modified":"2025-01-26T22:43:55","modified_gmt":"2025-01-26T20:43:55","slug":"das-war-die-jahreshauptversammlung-2025","status":"publish","type":"post","link":"https:\/\/www.amante-menden.de\/?p=5021","title":{"rendered":"Die Jahreshauptversammlung 2025 mit \u00c4nderungen im amante-Vorstand"},"content":{"rendered":"\n<p>Am 18. Januar 2025 fand im Pfarrheim der Pfarrgemeinde St. Maria Magdalena B\u00f6sperde die Jahreshauptversammlung 2025 von amante della musica menden statt.<br><br>Die Mitglieder lie\u00dfen das vergangene, f\u00fcr den Chor sehr erfolgreiche Jahr Revue passieren, dessen absolute H\u00f6hepunkte der am 1. Juni 2024 in Dortmund zum siebten Mal in Folge ersungene Meisterchortitel, sowie die Auszeichnung des Chores mit dem Heimatpreis 2024 der Stadt Menden waren.<br><br>Der 1. Vorsitzende Thorsten G\u00fcnner richtete in seinem Bericht einen Dank f\u00fcr das herausragende Engagement an die Mitglieder und hob die eingeschworene Gemeinschaft hervor, die diesen Chor, der auch neue Mitglieder mit offenen Armen aufnimmt, so besonders macht. Der Blick wurde aber auch in die Zukunft gerichtet, in der der Chor noch einige Pl\u00e4ne hat.<br><br>\u00c4u\u00dferst humorvoll lie\u00df Matthias Nagel im obligatorischen Jahresbericht des 2. Vorsitzenden das vergangene Jahr in Bildern an den Augen der Mitglieder vor\u00fcberziehen. Hier werden die Lachmuskeln immer wieder stark beansprucht und so war es auch diesmal.<br><br>Ver\u00e4nderungen gab es in diesem Jahr im Vorstand des Chores. Nach 26 Jahren Vorstandsarbeit schied der 2. Kassierer Tobias Holz, der zuvor viele Jahre das Amt des Notenwartes bei &#8222;amante&#8220; innehatte, aus dem Vorstand aus. Zu seinem Nachfolger w\u00e4hlte die Mitgliederversammlung Markus Woitzik, der dem Vorstand bereits von 2012-2019 angeh\u00f6rte. Neu ist auch das Schnuppermitglied, das jeweils f\u00fcr ein Jahr gew\u00e4hlt wird und dadurch die Gelegenheit hat, in die Vorstandsarbeit hineinzuschnuppern und sich aktiv daran zu beteiligen. In diese Funktion w\u00e4hlten die Mitglieder Pia G\u00f6dde.<br><br>F\u00fcr weitere zwei Jahre in ihren \u00c4mtern best\u00e4tigt wurden Thorsten G\u00fcnner (1. Vorsitzender), Petra Nagel (1. Kassiererin), Anja Sch\u00fcrmann (1. Schriftf\u00fchrerin) und Sabine Baschista (Notenwartin)<\/p>\n\n\n\n<figure class=\"wp-block-image size-large\"><a href=\"http:\/\/www.amante-menden.de\/wordpress\/wp-content\/uploads\/2025\/01\/Vorstandsfoto-scaled.jpg\"><img loading=\"lazy\" decoding=\"async\" width=\"1024\" height=\"576\" src=\"http:\/\/www.amante-menden.de\/wordpress\/wp-content\/uploads\/2025\/01\/Vorstandsfoto-1024x576.jpg\" alt=\"\" class=\"wp-image-5024\" srcset=\"https:\/\/www.amante-menden.de\/wordpress\/wp-content\/uploads\/2025\/01\/Vorstandsfoto-1024x576.jpg 1024w, https:\/\/www.amante-menden.de\/wordpress\/wp-content\/uploads\/2025\/01\/Vorstandsfoto-300x169.jpg 300w, https:\/\/www.amante-menden.de\/wordpress\/wp-content\/uploads\/2025\/01\/Vorstandsfoto-768x432.jpg 768w, https:\/\/www.amante-menden.de\/wordpress\/wp-content\/uploads\/2025\/01\/Vorstandsfoto-1536x864.jpg 1536w, https:\/\/www.amante-menden.de\/wordpress\/wp-content\/uploads\/2025\/01\/Vorstandsfoto-2048x1152.jpg 2048w\" sizes=\"auto, (max-width: 1024px) 100vw, 1024px\" \/><\/a><figcaption class=\"wp-element-caption\">Der amante-Vorstand (vl.): Anja Sch\u00fcrmann (1. Schriftf\u00fchrerin), Melanie Wrona (2. Schriftf\u00fchrerin), Matthias Nagel (2. Vorsitzender), Sabine Baschista (Notenwartin), Petra Nagel (1. Kassiererin), Markus Woitzik (2. Kassierer), Thorsten G\u00fcnner (1. Vorsitzender) und Pia G\u00f6dde (Schnuppermitglied)<br><\/figcaption><\/figure>\n\n\n\n<p>Auch in diesem Jahr wurden wieder einige Mitglieder f\u00fcr ihre langj\u00e4hrige Mitgliedschaft geehrt:<br><br>  <strong>5 Jahre:<\/strong> Adrian Koch (aktiv), Kerstin Koch (aktiv) und Silke Hermans (f\u00f6rdernd)<br><strong>10 Jahre:<\/strong> Susanne Wood (aktiv) und Carsten Stabenau (f\u00f6rdernd)<br><strong>15 Jahre:<\/strong> Bettina Schindler (f\u00f6rdernd), Kay Schl\u00fcter (f\u00f6rdernd) und Carolin Appler (f\u00f6rdernd)<br><strong>20 Jahre:<\/strong> Silke H\u00fchner (aktiv) und Meinolf Br\u00fchmann (f\u00f6rdernd)<br><strong>25 Jahre:<\/strong> Gabi Brinkmann (aktiv), Andrea Ferber (aktiv), Jasmin Brinkmann (f\u00f6rdernd) und Dirk Klahold (f\u00f6rdernd)<br><strong>30 Jahre:<\/strong> Jessica Sch\u00fcrmann (f\u00f6rdernd)<br><br>Eine Urkunde wurde auch dem langj\u00e4hrigen Chorleiter Stefan Risse \u00fcberreicht, der seit mittlerweile 10 Jahren f\u00fcr die musikalische Ausrichtung des Chores verantwortlich und ein fester Bestandteil der amante-Familie ist.<br><br><img loading=\"lazy\" decoding=\"async\" width=\"2000\" height=\"1125\" class=\"wp-image-5030\" style=\"width: 2000px;\" src=\"http:\/\/www.amante-menden.de\/wordpress\/wp-content\/uploads\/2025\/01\/Ehrungen.jpg\" alt=\"\" srcset=\"https:\/\/www.amante-menden.de\/wordpress\/wp-content\/uploads\/2025\/01\/Ehrungen.jpg 2000w, https:\/\/www.amante-menden.de\/wordpress\/wp-content\/uploads\/2025\/01\/Ehrungen-300x169.jpg 300w, https:\/\/www.amante-menden.de\/wordpress\/wp-content\/uploads\/2025\/01\/Ehrungen-1024x576.jpg 1024w, https:\/\/www.amante-menden.de\/wordpress\/wp-content\/uploads\/2025\/01\/Ehrungen-768x432.jpg 768w, https:\/\/www.amante-menden.de\/wordpress\/wp-content\/uploads\/2025\/01\/Ehrungen-1536x864.jpg 1536w\" sizes=\"auto, (max-width: 2000px) 100vw, 2000px\" \/><br><br>F\u00fcr das erste Projekt werden die S\u00e4ngerinnen und S\u00e4nger bereits am 23. M\u00e4rz 2025 auf der &#8222;B\u00fchne&#8220; stehen, denn f\u00fcr diesen Tag sind zwei sakrale Konzerte geplant. Um 15 Uhr findet das erste Konzert in der Hubertus-Kapelle in der L\u00fcrbke und um 18 Uhr in der Iserlohner Bauernkirche statt. Hier\u00fcber wird der Chor aber auch noch separat informieren.<\/p>\n","protected":false},"excerpt":{"rendered":"<p>Am 18. Januar 2025 fand im Pfarrheim der Pfarrgemeinde St. Maria Magdalena B\u00f6sperde die Jahreshauptversammlung 2025 von amante della musica menden statt. Die Mitglieder lie\u00dfen das vergangene, f\u00fcr den Chor sehr erfolgreiche Jahr Revue passieren, dessen absolute H\u00f6hepunkte der am &hellip; <a href=\"https:\/\/www.amante-menden.de\/?p=5021\">Weiterlesen <span class=\"meta-nav\">&rarr;<\/span><\/a><\/p>\n","protected":false},"author":3,"featured_media":0,"comment_status":"closed","ping_status":"closed","sticky":false,"template":"","format":"standard","meta":{"footnotes":""},"categories":[5],"tags":[30,22,29,23],"class_list":["post-5021","post","type-post","status-publish","format-standard","hentry","category-aktuelles","tag-ehrungen","tag-jahreshauptversammlung","tag-jhv","tag-vorstand-neu-gewaehlt"],"_links":{"self":[{"href":"https:\/\/www.amante-menden.de\/index.php?rest_route=\/wp\/v2\/posts\/5021","targetHints":{"allow":["GET"]}}],"collection":[{"href":"https:\/\/www.amante-menden.de\/index.php?rest_route=\/wp\/v2\/posts"}],"about":[{"href":"https:\/\/www.amante-menden.de\/index.php?rest_route=\/wp\/v2\/types\/post"}],"author":[{"embeddable":true,"href":"https:\/\/www.amante-menden.de\/index.php?rest_route=\/wp\/v2\/users\/3"}],"replies":[{"embeddable":true,"href":"https:\/\/www.amante-menden.de\/index.php?rest_route=%2Fwp%2Fv2%2Fcomments&post=5021"}],"version-history":[{"count":11,"href":"https:\/\/www.amante-menden.de\/index.php?rest_route=\/wp\/v2\/posts\/5021\/revisions"}],"predecessor-version":[{"id":5033,"href":"https:\/\/www.amante-menden.de\/index.php?rest_route=\/wp\/v2\/posts\/5021\/revisions\/5033"}],"wp:attachment":[{"href":"https:\/\/www.amante-menden.de\/index.php?rest_route=%2Fwp%2Fv2%2Fmedia&parent=5021"}],"wp:term":[{"taxonomy":"category","embeddable":true,"href":"https:\/\/www.amante-menden.de\/index.php?rest_route=%2Fwp%2Fv2%2Fcategories&post=5021"},{"taxonomy":"post_tag","embeddable":true,"href":"https:\/\/www.amante-menden.de\/index.php?rest_route=%2Fwp%2Fv2%2Ftags&post=5021"}],"curies":[{"name":"wp","href":"https:\/\/api.w.org\/{rel}","templated":true}]}}