{"id":5038,"date":"2025-02-23T18:43:59","date_gmt":"2025-02-23T16:43:59","guid":{"rendered":"https:\/\/www.amante-menden.de\/?p=5038"},"modified":"2025-02-23T18:43:59","modified_gmt":"2025-02-23T16:43:59","slug":"mendener-meisterchor-erlebt-eine-besondere-premiere","status":"publish","type":"post","link":"https:\/\/www.amante-menden.de\/?p=5038","title":{"rendered":"Mendener Meisterchor erlebt eine besondere Premiere"},"content":{"rendered":"\n<p><em>Bericht der Westfalenpost Menden vom 16.02.2025<\/em><\/p>\n\n\n\n<p>Menden. \u201eamante della musica\u201c plant zwei au\u00dfergew\u00f6hnliche Konzerte. Wie die trotz freiem Eintritt zwei Vereinen Spenden erm\u00f6glichen sollen.<\/p>\n\n\n\n<p>Rockig, jazzig oder volkst\u00fcmlich \u2013 so kennen viele Menschen den <strong>Meisterchor<\/strong> \u201e<strong>amante della musica menden<\/strong>\u201c. Jetzt aber pr\u00e4sentiert sich das Ensemble von einer Seite, die lange nicht im musikalischen Fokus stand. \u201eamante\u201c probt aktuell f\u00fcr zwei eigene <strong>Sakralkonzerte<\/strong>, die beide am Sonntag, 23. M\u00e4rz, aufgef\u00fchrt werden. \u201eWir waren zuletzt sehr poppig unterwegs, jetzt gab es aus dem Chor den Wunsch, mal wieder Sakrales zu machen\u201c, erkl\u00e4rt Thorsten G\u00fcnner, 1. Vorsitzender von \u201eamante\u201c.<br><br>Klar: Auch mit sakralen Kl\u00e4ngen war \u201eamante\u201c immer wieder mal zu h\u00f6ren, aber ein eigenes Sakralkonzert gab es seit vielen Jahren nicht \u2013 und in der \u00c4ra <strong>Stefan Risse<\/strong>s als Chorleiter noch gar nicht. Einige St\u00fccke bereitet der Chor neu auf, bei anderen \u2013 etwa dem von vielen Aktiven geliebten \u201eEli\u201c \u2013 ist echte Grundlagenarbeit erforderlich. \u201eWir haben so viele S\u00e4ngerinnen und S\u00e4nger, die das noch nie in der Hand hatten \u2013 da geht es \u00fcber das Auffrischen schon deutlich hinaus\u201c, sagt Thorsten G\u00fcnner. Sein Stellvertreter Matthias Nagel nennt ein anderes Beispiel: \u201eUbi caritas\u201c sei noch sehr pr\u00e4sent.<\/p>\n\n\n\n<h3 class=\"wp-block-heading\">Zwei Konzerte an einem Tag \u2013 und Spenden f\u00fcr gute Zwecke<\/h3>\n\n\n\n<p>Wie aber soll das mit zwei Konzerten an einem Tag \u00fcberhaupt funktionieren? Die beiden Vorsitzenden sorgen f\u00fcr Klarheit. Zun\u00e4chst ist am 23. M\u00e4rz f\u00fcr 15 Uhr ein Konzert in der <strong>St.-Hubertus-Kapelle<\/strong> in der <strong>L\u00fcrbke<\/strong> geplant, Einlass ist 30 Minuten vor Beginn. Das etwa einst\u00fcndige Konzert soll ein musikalischer Leckerbissen werden. \u201eDer Eintritt ist frei\u201c, erkl\u00e4rt Matthias Nagel. Das gilt auch f\u00fcr das zweite Konzert des Tages. Mit dem selben Programm wie in der L\u00fcrbke ist \u201eamante\u201c um 18 Uhr auch noch einmal in der <strong>Bauernkirche<\/strong> am Fritz-K\u00fchn-Platz in <strong>Iserlohn<\/strong> zu erleben \u2013 ebenfalls bei freiem Eintritt und mit 30 Minuten Einlasszeit.<br><br>\u201eWir wollen mit den beiden Konzerten wie mit unserem Konzert am 3. Oktober den Benefizgedanken leben\u201c, sagt Thorsten G\u00fcnner. M\u00f6glich wird das, indem am Ausgang beider Kirchen <strong>Spenden<\/strong> gesammelt werden kann. Jeder Besucher kann selbst entscheiden, was er geben m\u00f6chte oder kann. Der gesamte Erl\u00f6s aus dem Konzert in der L\u00fcrbke kommt dem <strong>De-Cent-Laden<\/strong> des SKFM in <strong>Lendringsen<\/strong> zugute. Vom Konzert in Iserlohn geht die H\u00e4lfte an den De-Cent-Laden, die andere H\u00e4lfte bekommt der <strong>F\u00f6rderverein Bauernkirche Iserlohn<\/strong>.<\/p>\n\n\n\n<h3 class=\"wp-block-heading\">\u201eamante\u201c feilt noch einmal an der Stimmbildung<\/h3>\n\n\n\n<p>Damit die Auftritte gelingen, wird \u201eamante\u201c auch noch einmal besonderen Wert auf die <strong>Stimmbildung<\/strong> legen. \u201eDas macht Johanna Risse am 8. M\u00e4rz mit uns. Die kennt uns schon und ist beim Chor auch super angekommen\u201c, sagt Thorsten G\u00fcnner. Von dieser Stimmbildung d\u00fcrfte \u201eamante della musica\u201c auch noch beim gro\u00dfen Benefizkonzert am Tag der Deutschen Einheit auf der Wilhelmsh\u00f6he profitieren. \u201eWir freuen uns, dass uns die auch 2027 noch einmal zur Verf\u00fcgung steht\u201c, spielt Matthias Nagel auf die Tatsache an, dass die Sanierung der Veranstaltungsst\u00e4tte nun fr\u00fchestens 2028 beginnen soll.<br><br>Die Planungen des Chores zielen aber auch schon auf das Jahr 2026 ab. Dann feiert \u201eamante\u201c 40. Geburtstag \u2013 1986 wurde der damalige Junge Chor Menden gegr\u00fcndet. \u201eWir beteiligen uns aber auf jeden Fall auch beim <strong>Stadtjubil\u00e4um 750 Jahre Menden<\/strong>\u201c, k\u00fcndigen die beiden Vorsitzenden an. Bei der Kickoff-Veranstaltung waren sie dabei und haben auch Gespr\u00e4che mit m\u00f6glichen Partnervereinen gef\u00fchrt. Auf den Ideenw\u00e4nden, sagen sie, haben sie auch \u201eamante\u201c platziert.<\/p>\n\n\n\n<p><em>\u201eamante della musica\u201c freut sich \u00fcbrigens immer \u00fcber neue Stimmen \u2013 insbesondere bei den M\u00e4nnern. Wer mehr erfahren m\u00f6chte oder Kontaktm\u00f6glichkeiten sucht, findet diese unter <a href=\"https:\/\/www.amante-menden.de\/\" target=\"_blank\" rel=\"noreferrer noopener\">www.amante-menden.de<\/a>.<\/em><\/p>\n","protected":false},"excerpt":{"rendered":"<p>Bericht der Westfalenpost Menden vom 16.02.2025 Menden. \u201eamante della musica\u201c plant zwei au\u00dfergew\u00f6hnliche Konzerte. Wie die trotz freiem Eintritt zwei Vereinen Spenden erm\u00f6glichen sollen. Rockig, jazzig oder volkst\u00fcmlich \u2013 so kennen viele Menschen den Meisterchor \u201eamante della musica menden\u201c. Jetzt &hellip; <a href=\"https:\/\/www.amante-menden.de\/?p=5038\">Weiterlesen <span class=\"meta-nav\">&rarr;<\/span><\/a><\/p>\n","protected":false},"author":3,"featured_media":0,"comment_status":"closed","ping_status":"closed","sticky":false,"template":"","format":"standard","meta":{"footnotes":""},"categories":[5],"tags":[],"class_list":["post-5038","post","type-post","status-publish","format-standard","hentry","category-aktuelles"],"_links":{"self":[{"href":"https:\/\/www.amante-menden.de\/index.php?rest_route=\/wp\/v2\/posts\/5038","targetHints":{"allow":["GET"]}}],"collection":[{"href":"https:\/\/www.amante-menden.de\/index.php?rest_route=\/wp\/v2\/posts"}],"about":[{"href":"https:\/\/www.amante-menden.de\/index.php?rest_route=\/wp\/v2\/types\/post"}],"author":[{"embeddable":true,"href":"https:\/\/www.amante-menden.de\/index.php?rest_route=\/wp\/v2\/users\/3"}],"replies":[{"embeddable":true,"href":"https:\/\/www.amante-menden.de\/index.php?rest_route=%2Fwp%2Fv2%2Fcomments&post=5038"}],"version-history":[{"count":1,"href":"https:\/\/www.amante-menden.de\/index.php?rest_route=\/wp\/v2\/posts\/5038\/revisions"}],"predecessor-version":[{"id":5039,"href":"https:\/\/www.amante-menden.de\/index.php?rest_route=\/wp\/v2\/posts\/5038\/revisions\/5039"}],"wp:attachment":[{"href":"https:\/\/www.amante-menden.de\/index.php?rest_route=%2Fwp%2Fv2%2Fmedia&parent=5038"}],"wp:term":[{"taxonomy":"category","embeddable":true,"href":"https:\/\/www.amante-menden.de\/index.php?rest_route=%2Fwp%2Fv2%2Fcategories&post=5038"},{"taxonomy":"post_tag","embeddable":true,"href":"https:\/\/www.amante-menden.de\/index.php?rest_route=%2Fwp%2Fv2%2Ftags&post=5038"}],"curies":[{"name":"wp","href":"https:\/\/api.w.org\/{rel}","templated":true}]}}