{"id":5073,"date":"2026-01-26T20:51:06","date_gmt":"2026-01-26T18:51:06","guid":{"rendered":"https:\/\/www.amante-menden.de\/?p=5073"},"modified":"2026-01-26T21:14:52","modified_gmt":"2026-01-26T19:14:52","slug":"die-jahreshauptversammlung-2026","status":"publish","type":"post","link":"https:\/\/www.amante-menden.de\/?p=5073","title":{"rendered":"Die Jahreshauptversammlung 2026"},"content":{"rendered":"\n<p>Nachdem die erste Probe des Jahres bereits gelaufen war, starteten wir am 17. Januar 2026 mit der Jahreshauptversammlung 2026 in ein Jahr, in dem der Terminkalender gut gef\u00fcllt ist, denn nicht nur unsere Heimatstadt Menden feiert in diesem Jahr ihren 750. Geburtstag, nein, auch wir haben allen Grund zum Feiern. &#8222;amante&#8220; wird 40 und diesen Geburtstag werden wir am 25. April 2026 mit einem gro\u00dfen Geburtstagskonzert auf der Wilhelmsh\u00f6he begehen. N\u00e4here Informationen hierzu werden aber noch bekannt gegeben.<br><br>Obligatorisch ist in jeder Jahreshauptversammlung der Jahresbericht des 2. Vorsitzenden, der seit vielen Jahren ein humoristischer H\u00f6hepunkt ist und die Geschehnisse des jeweils vergangenen Jahres noch einmal Revue passieren l\u00e4sst und stellenweise auch schon einmal an die alte Fernsehsendung &#8222;Pleiten, Pech und Pannen&#8220; erinnert.<br><br>Im Bericht des 1. Vorsitzenden lie\u00df Thorsten G\u00fcnner die 40-j\u00e4hrige Geschichte des Chores Revue passieren, der 1986 als &#8222;Junger Chor Menden&#8220; gegr\u00fcndet und erst 1998 in &#8222;amante della musica menden&#8220; umbenannt wurde und dankte den Mitgliedern f\u00fcr den Zusammenhalt und das Engagement.<\/p>\n\n\n\n<p>Auch in diesem Jahr wurden wieder einige Mitglieder &#8211; auch in Abwesenheit &#8211; f\u00fcr ihre langj\u00e4hrige Treue geehrt:<br><br><strong>10 Jahr<\/strong>e: Pia G\u00f6dde (aktiv)<br><strong>15 Jahre:<\/strong> Marlene Heggemann (f\u00f6rdernd), Ulrich Heggemann (f\u00f6rdernd), Cornelia M\u00fcterthies (f\u00f6rdernd)<br><strong>20 Jahre:<\/strong> Sigrun Holz (aktiv), Anja Sch\u00fcrmann (aktiv), Gundel Drautzburg (f\u00f6rdernd), Andreas R\u00fcdiger (f\u00f6rdernd), Julia Klute (f\u00f6rdernd) und Stephan Sch\u00fcrmann (f\u00f6rdernd)<br><strong>25 Jahre:<\/strong> Marie-Thres Paul (f\u00f6rdernd)<br><strong>35 Jahre:<\/strong> Astrid Blankenhagen (aktiv)<br><strong>10 Jahre Vorstandsarbeit<\/strong>: Thorsten G\u00fcnner, Petra Nagel und Anja Sch\u00fcrmann<\/p>\n\n\n\n<p>Eine Urkunde und ein kleines Pr\u00e4sent bekamen Dominik und Rafael Wallot als Dank f\u00fcr ihr au\u00dferordentliches Engagement \u00fcberreicht. Die Br\u00fcder sind nicht nur tolle Ten\u00f6re, sondern auch die Technik-Spezialisten des Chores, dem sie jederzeit mit Rat und Tat zur Verf\u00fcgung stehen.<br><\/p>\n\n\n\n<figure class=\"wp-block-image size-large\"><a href=\"http:\/\/www.amante-menden.de\/wordpress\/wp-content\/uploads\/2026\/01\/IMG_2803-1-scaled.jpg\"><img loading=\"lazy\" decoding=\"async\" width=\"1024\" height=\"576\" src=\"http:\/\/www.amante-menden.de\/wordpress\/wp-content\/uploads\/2026\/01\/IMG_2803-1-1024x576.jpg\" alt=\"\" class=\"wp-image-5075\" srcset=\"https:\/\/www.amante-menden.de\/wordpress\/wp-content\/uploads\/2026\/01\/IMG_2803-1-1024x576.jpg 1024w, https:\/\/www.amante-menden.de\/wordpress\/wp-content\/uploads\/2026\/01\/IMG_2803-1-300x169.jpg 300w, https:\/\/www.amante-menden.de\/wordpress\/wp-content\/uploads\/2026\/01\/IMG_2803-1-768x432.jpg 768w, https:\/\/www.amante-menden.de\/wordpress\/wp-content\/uploads\/2026\/01\/IMG_2803-1-1536x864.jpg 1536w, https:\/\/www.amante-menden.de\/wordpress\/wp-content\/uploads\/2026\/01\/IMG_2803-1-2048x1152.jpg 2048w\" sizes=\"auto, (max-width: 1024px) 100vw, 1024px\" \/><\/a><figcaption class=\"wp-element-caption\">Einige der Geehrten (v.l.): Anja Sch\u00fcrmann, Rafael Wallot, Dominik Wallot, Petra Nagel, Pia G\u00f6dde, Sigrun Holz und Thorsten G\u00fcnner<\/figcaption><\/figure>\n\n\n\n<p>Eine Ver\u00e4nderung gab es in diesem Jahr auch im Vorstand. Nachdem sich der 2. Kassierer, Markus Woitzik, nicht mehr zur Wahl stellte, w\u00e4hlte die Mitgliederversammlung Pia G\u00f6dde, die den Vorstand ein Jahr als Schnuppermitglied unterst\u00fctzte, auf diesen Vorstandsposten. Matthias Nagel und Melanie Wrona wurden f\u00fcr weitere zwei Jahre in ihren \u00c4mtern best\u00e4tigt, der Posten des Schnuppermitgliedes bleibt in diesem Jahr unbesetzt.<br><\/p>\n\n\n\n<figure class=\"wp-block-image size-large\"><a href=\"http:\/\/www.amante-menden.de\/wordpress\/wp-content\/uploads\/2026\/01\/IMG_2807-2-scaled.jpg\"><img loading=\"lazy\" decoding=\"async\" width=\"1024\" height=\"576\" src=\"http:\/\/www.amante-menden.de\/wordpress\/wp-content\/uploads\/2026\/01\/IMG_2807-2-1024x576.jpg\" alt=\"\" class=\"wp-image-5076\" srcset=\"https:\/\/www.amante-menden.de\/wordpress\/wp-content\/uploads\/2026\/01\/IMG_2807-2-1024x576.jpg 1024w, https:\/\/www.amante-menden.de\/wordpress\/wp-content\/uploads\/2026\/01\/IMG_2807-2-300x169.jpg 300w, https:\/\/www.amante-menden.de\/wordpress\/wp-content\/uploads\/2026\/01\/IMG_2807-2-768x432.jpg 768w, https:\/\/www.amante-menden.de\/wordpress\/wp-content\/uploads\/2026\/01\/IMG_2807-2-1536x864.jpg 1536w, https:\/\/www.amante-menden.de\/wordpress\/wp-content\/uploads\/2026\/01\/IMG_2807-2-2048x1152.jpg 2048w\" sizes=\"auto, (max-width: 1024px) 100vw, 1024px\" \/><\/a><figcaption class=\"wp-element-caption\">Der amante-Vorstand (v.l.): Matthias Nagel (2. Vorsitzender), Anja Sch\u00fcrmann (1. Schriftf\u00fchrerin), Melanie Wrona (2. Schriftf\u00fchrerin), Sabine Baschista (Notenwartin), Petra Nagel (1. Kassiererin), Pia G\u00f6dde (2. Kassiererin) und Thorsten G\u00fcnner (1. Vorsitzender)<\/figcaption><\/figure>\n\n\n\n<p>Am 31.01.2026 und 28.2.2026 finden zur Vorbereitung auf das gro\u00dfe Geburtstagskonzert zwei Sonderproben statt, bevor wir uns vom 13.-15.03.2026 auf den Weg ins Probenwochenende machen, das in diesem Jahr im Haus D\u00fcsse, in Bad Sassendorf, stattfindet.<\/p>\n\n\n\n<p>Gelegenheiten, uns zu h\u00f6ren, gibt es in diesem Jahr immer wieder. Wir werden \u00fcber die Termine auf unserer Website und auch bei Facebook sowie Instagram informieren.<br><\/p>\n\n\n\n<p><\/p>\n","protected":false},"excerpt":{"rendered":"<p>Nachdem die erste Probe des Jahres bereits gelaufen war, starteten wir am 17. Januar 2026 mit der Jahreshauptversammlung 2026 in ein Jahr, in dem der Terminkalender gut gef\u00fcllt ist, denn nicht nur unsere Heimatstadt Menden feiert in diesem Jahr ihren &hellip; <a href=\"https:\/\/www.amante-menden.de\/?p=5073\">Weiterlesen <span class=\"meta-nav\">&rarr;<\/span><\/a><\/p>\n","protected":false},"author":3,"featured_media":0,"comment_status":"closed","ping_status":"closed","sticky":false,"template":"","format":"standard","meta":{"footnotes":""},"categories":[5],"tags":[30,22,29,34],"class_list":["post-5073","post","type-post","status-publish","format-standard","hentry","category-aktuelles","tag-ehrungen","tag-jahreshauptversammlung","tag-jhv","tag-menden"],"_links":{"self":[{"href":"https:\/\/www.amante-menden.de\/index.php?rest_route=\/wp\/v2\/posts\/5073","targetHints":{"allow":["GET"]}}],"collection":[{"href":"https:\/\/www.amante-menden.de\/index.php?rest_route=\/wp\/v2\/posts"}],"about":[{"href":"https:\/\/www.amante-menden.de\/index.php?rest_route=\/wp\/v2\/types\/post"}],"author":[{"embeddable":true,"href":"https:\/\/www.amante-menden.de\/index.php?rest_route=\/wp\/v2\/users\/3"}],"replies":[{"embeddable":true,"href":"https:\/\/www.amante-menden.de\/index.php?rest_route=%2Fwp%2Fv2%2Fcomments&post=5073"}],"version-history":[{"count":8,"href":"https:\/\/www.amante-menden.de\/index.php?rest_route=\/wp\/v2\/posts\/5073\/revisions"}],"predecessor-version":[{"id":5085,"href":"https:\/\/www.amante-menden.de\/index.php?rest_route=\/wp\/v2\/posts\/5073\/revisions\/5085"}],"wp:attachment":[{"href":"https:\/\/www.amante-menden.de\/index.php?rest_route=%2Fwp%2Fv2%2Fmedia&parent=5073"}],"wp:term":[{"taxonomy":"category","embeddable":true,"href":"https:\/\/www.amante-menden.de\/index.php?rest_route=%2Fwp%2Fv2%2Fcategories&post=5073"},{"taxonomy":"post_tag","embeddable":true,"href":"https:\/\/www.amante-menden.de\/index.php?rest_route=%2Fwp%2Fv2%2Ftags&post=5073"}],"curies":[{"name":"wp","href":"https:\/\/api.w.org\/{rel}","templated":true}]}}